{"id":78525,"date":"2025-09-19T20:32:48","date_gmt":"2025-09-19T20:32:48","guid":{"rendered":"https:\/\/www.europesays.com\/pt\/78525\/"},"modified":"2025-09-19T20:32:48","modified_gmt":"2025-09-19T20:32:48","slug":"pan-vota-contra-pesar-por-morte-de-forcado-e-gera-protesto-do-chega-parlamento","status":"publish","type":"post","link":"https:\/\/www.europesays.com\/pt\/78525\/","title":{"rendered":"PAN vota contra pesar por morte de forcado e gera protesto do Chega | Parlamento"},"content":{"rendered":"<p>O PAN votou esta sexta-feira contra um voto de pesar apresentado pela comiss\u00e3o parlamentar de Cultura pela<a href=\"https:\/\/www.publico.pt\/2025\/08\/23\/sociedade\/noticia\/forcado-22-anos-morre-apos-colhido-toiro-campo-2144762\" rel=\"nofollow noopener\" target=\"_blank\"> morte de Manuel Maria Trindade<\/a>, forcado do Grupo de Forcados Amadores de S\u00e3o Mansos, que morreu em Agosto, aos 22 anos.<\/p>\n<p>O an\u00fancio do sentido de voto do PAN \u2015 as restantes bancadas votaram a favor \u2015 provocou protestos na bancada do Chega, com alguns apartes aud\u00edveis que levaram a porta-voz e deputada \u00fanica do PAN, In\u00eas Sousa Real, a pedir a palavra para pedir o registo das palavras da parlamentar do Chega Rita Matias.<\/p>\n<p>&#8220;A deputada acabou de dizer duas vezes que sou asquerosa, quero que seja reportado \u00e0 Comiss\u00e3o da Transpar\u00eancia, porque \u00e9 um insulto. O Chega tamb\u00e9m j\u00e1 votou contra outros votos de pesar, todos temos a liberdade de voto, mas n\u00e3o t\u00eam o direito de me ofender&#8221;, criticou Sousa Real.<\/p>\n<p>O presidente do Parlamento, <a href=\"https:\/\/www.publico.pt\/aguiarbranco\" rel=\"nofollow noopener\" target=\"_blank\">Jos\u00e9 Pedro Aguiar-Branco<\/a>, assegurou que tal ser\u00e1 feito, dando a palavra, em seguida, a Rita Matias.<\/p>\n<p>&#8220;Que fique escrito em acta que afirmei em aparte que foi uma atitude asquerosa da senhora deputada de n\u00e3o lamentar a morte de um jovem portugu\u00eas que n\u00e3o fazia mais nada do que honrar as nossas tradi\u00e7\u00f5es, \u00e9 lament\u00e1vel&#8221;, reiterou a deputada do Chega, enquanto a sua bancada gritava &#8220;vergonha, vergonha&#8221;.<\/p>\n<p>No voto, apresentado pela Comiss\u00e3o de Cultura, Comunica\u00e7\u00e3o, Juventude e Desporto (na qual o PAN n\u00e3o tem assento), manifesta-se pesar pela morte do jovem a 23 de Agosto de 2025, em Lisboa, &#8220;na sequ\u00eancia das grav\u00edssimas les\u00f5es sofridas na corrida do dia anterior, ao enfrentar corajosamente um toiro na arena no Campo Pequeno&#8221;.<\/p>\n<p>&#8220;A sua morte provocou uma enorme onda de pesar e homenagens por todo o pa\u00eds, reflectindo a relev\u00e2ncia dos forcados como s\u00edmbolos de coragem, amizade, uni\u00e3o e resist\u00eancia moral, valores profundamente enraizados numa tradi\u00e7\u00e3o secular que constitui parte integrante da identidade cultural portuguesa&#8221;, refere o texto aprovado esta sexta-feira.<\/p>\n<p>Embora os votos de pesar sejam, na grande maioria dos casos, aprovados por unanimidade no Parlamento, esta est\u00e1 longe de ser a primeira vez que h\u00e1 votos contra, nomeadamente do Chega. No final do ano passado, o partido de Andr\u00e9 Ventura <a href=\"https:\/\/www.publico.pt\/2024\/12\/05\/politica\/noticia\/voto-pesar-camilo-mortagua-aprovado-esquerda-abstencao-psd-il-2114666\" rel=\"nofollow noopener\" target=\"_blank\">votou contra <\/a>a nota de pesar pela morte do resistente antifascista<a href=\"https:\/\/www.publico.pt\/2024\/11\/01\/politica\/noticia\/camilo-mortagua-revolucionario-antifascista-combatente-liberdade-2110272\" rel=\"nofollow noopener\" target=\"_blank\"> Camilo Mort\u00e1gua<\/a>, e igualmente contra no voto de pesar pela morte de Odair Moniz, baleado mortalmente por um agente da PSP em Outubro do ano passado.<\/p>\n","protected":false},"excerpt":{"rendered":"O PAN votou esta sexta-feira contra um voto de pesar apresentado pela comiss\u00e3o parlamentar de Cultura pela morte&hellip;\n","protected":false},"author":2,"featured_media":78526,"comment_status":"","ping_status":"","sticky":false,"template":"","format":"standard","meta":{"footnotes":""},"categories":[8],"tags":[27,28,1736,15,16,14,25,26,21,22,12,13,19,20,452,4532,52,32,23,24,33,17,18,4457,29,30,31],"class_list":{"0":"post-78525","1":"post","2":"type-post","3":"status-publish","4":"format-standard","5":"has-post-thumbnail","7":"category-principais-noticias","8":"tag-breaking-news","9":"tag-breakingnews","10":"tag-chega","11":"tag-featured-news","12":"tag-featurednews","13":"tag-headlines","14":"tag-latest-news","15":"tag-latestnews","16":"tag-main-news","17":"tag-mainnews","18":"tag-news","19":"tag-noticias","20":"tag-noticias-principais","21":"tag-noticiasprincipais","22":"tag-pan","23":"tag-parlamento","24":"tag-politica","25":"tag-portugal","26":"tag-principais-noticias","27":"tag-principaisnoticias","28":"tag-pt","29":"tag-top-stories","30":"tag-topstories","31":"tag-touradas","32":"tag-ultimas","33":"tag-ultimas-noticias","34":"tag-ultimasnoticias"},"share_on_mastodon":{"url":"","error":""},"_links":{"self":[{"href":"https:\/\/www.europesays.com\/pt\/wp-json\/wp\/v2\/posts\/78525","targetHints":{"allow":["GET"]}}],"collection":[{"href":"https:\/\/www.europesays.com\/pt\/wp-json\/wp\/v2\/posts"}],"about":[{"href":"https:\/\/www.europesays.com\/pt\/wp-json\/wp\/v2\/types\/post"}],"author":[{"embeddable":true,"href":"https:\/\/www.europesays.com\/pt\/wp-json\/wp\/v2\/users\/2"}],"replies":[{"embeddable":true,"href":"https:\/\/www.europesays.com\/pt\/wp-json\/wp\/v2\/comments?post=78525"}],"version-history":[{"count":0,"href":"https:\/\/www.europesays.com\/pt\/wp-json\/wp\/v2\/posts\/78525\/revisions"}],"wp:featuredmedia":[{"embeddable":true,"href":"https:\/\/www.europesays.com\/pt\/wp-json\/wp\/v2\/media\/78526"}],"wp:attachment":[{"href":"https:\/\/www.europesays.com\/pt\/wp-json\/wp\/v2\/media?parent=78525"}],"wp:term":[{"taxonomy":"category","embeddable":true,"href":"https:\/\/www.europesays.com\/pt\/wp-json\/wp\/v2\/categories?post=78525"},{"taxonomy":"post_tag","embeddable":true,"href":"https:\/\/www.europesays.com\/pt\/wp-json\/wp\/v2\/tags?post=78525"}],"curies":[{"name":"wp","href":"https:\/\/api.w.org\/{rel}","templated":true}]}}