{"id":78538,"date":"2025-09-19T20:44:25","date_gmt":"2025-09-19T20:44:25","guid":{"rendered":"https:\/\/www.europesays.com\/pt\/78538\/"},"modified":"2025-09-19T20:44:25","modified_gmt":"2025-09-19T20:44:25","slug":"trump-esta-ha-meses-numa-missao-secreta-para-tentar-recuperar-uma-base-perdida-para-os-talibas","status":"publish","type":"post","link":"https:\/\/www.europesays.com\/pt\/78538\/","title":{"rendered":"Trump est\u00e1 h\u00e1 meses numa miss\u00e3o secreta para tentar recuperar uma base perdida para os talib\u00e3s"},"content":{"rendered":"<p>\t                H\u00e1 muito que Donald Trump lamenta a sa\u00edda total do Afeganist\u00e3o. Agora parece estar mais perto de reverter parte disso<\/p>\n<p>O presidente dos Estados Unidos, Donald Trump, tem pressionado discretamente os seus respons\u00e1veis pela seguran\u00e7a nacional h\u00e1 meses para encontrar uma forma de recuperar a Base A\u00e9rea de Bagram, no Afeganist\u00e3o, das m\u00e3os dos Talib\u00e3s, confirmaram tr\u00eas pessoas familiarizadas com o assunto \u00e0 CNN.<\/p>\n<p>Trump deu a entender publicamente pela primeira vez esta quinta-feira que essas discuss\u00f5es est\u00e3o a decorrer, dizendo aos jornalistas que a sua administra\u00e7\u00e3o est\u00e1 a trabalhar para recuperar o controlo da base, que fica a uma hora a norte de Cabul. Os Talib\u00e3s tomaram o controlo da base ap\u00f3s o colapso do governo afeg\u00e3o e a retirada das for\u00e7as militares dos EUA em 2021.<\/p>\n<p>\u201cN\u00f3s entregamo-la [aos Talib\u00e3s] de gra\u00e7a\u201d, disse Trump durante uma confer\u00eancia de imprensa conjunta com o primeiro-ministro do Reino Unido, Kier Starmer. \u201cA prop\u00f3sito, estamos a tentar recuper\u00e1-la.\u201d<\/p>\n<p>As fontes disseram \u00e0 CNN que as conversas sobre a devolu\u00e7\u00e3o da base ao controlo dos EUA remontam pelo menos a mar\u00e7o. Trump e os seus altos funcion\u00e1rios de seguran\u00e7a nacional acreditam que a base \u00e9 necess\u00e1ria por v\u00e1rias raz\u00f5es, incluindo para vigiar a China, cuja fronteira fica a cerca de 800 quil\u00f3metros de dist\u00e2ncia; obter acesso a elementos de terras raras e minera\u00e7\u00e3o no Afeganist\u00e3o; estabelecer um centro de contraterrorismo para combater o ISIS; e possivelmente reabrir uma instala\u00e7\u00e3o diplom\u00e1tica.<\/p>\n<p>Mas todos esses objetivos exigiriam a presen\u00e7a militar dos EUA, disse uma das fontes. E um acordo que Trump firmou com os Talib\u00e3s em 2020, durante o seu primeiro mandato, exigia a retirada total das tropas americanas do pa\u00eds.<\/p>\n<p>N\u00e3o est\u00e1 claro se ou como os Talib\u00e3s se t\u00eam envolvido com os EUA para abrir m\u00e3o do controlo do importante aer\u00f3dromo. Mas Trump sugeriu esta quinta-feira que os EUA t\u00eam influ\u00eancia sobre o grupo.<\/p>\n<p>\u201cEstamos a tentar recuper\u00e1-la porque [os Talib\u00e3s] precisam de coisas nossas\u201d, disse Trump a rep\u00f3rteres em Buckinghamshire. \u201cQueremos essa base de volta.\u201d<\/p>\n<p>Trump j\u00e1 havia indicado anteriormente que, se a retirada dos EUA em 2021 tivesse ocorrido durante o seu governo, ele teria mantido o controlo de Bagram, citando a sua import\u00e2ncia estrat\u00e9gica perto da fronteira entre o Afeganist\u00e3o e a China. No in\u00edcio deste m\u00eas, o presidente norte-americano disse que o governo Biden foi \u201cmuito est\u00fapido\u201d por retirar as tropas americanas da base em 2021.<\/p>\n<p>Trump tamb\u00e9m disse esta quinta-feira que Bagram fica perto de onde a China fabrica m\u00edsseis, uma afirma\u00e7\u00e3o que j\u00e1 havia feito em mar\u00e7o.<\/p>\n<p>&#8220;\u00cdamos sair, mas \u00edamos manter Bagram, n\u00e3o por causa do Afeganist\u00e3o, mas por causa da China, porque fica exatamente a uma hora de dist\u00e2ncia de onde a China fabrica os seus m\u00edsseis nucleares&#8221;, afirmou em mar\u00e7o. &#8220;\u00cdamos manter uma pequena for\u00e7a em Bagram.&#8221;<\/p>\n<p>As \u00faltimas tropas americanas deixaram a Base A\u00e9rea de Bagram em julho de 2021. A base foi o centro do poder militar americano no Afeganist\u00e3o por quase duas d\u00e9cadas.<\/p>\n<p>A pista de dois quil\u00f3metros era o ponto de partida para opera\u00e7\u00f5es militares em todo o pa\u00eds, com espa\u00e7o para avi\u00f5es de carga, ca\u00e7as e helic\u00f3pteros de ataque. Os presidentes George W. Bush, Barack Obama e Donald Trump visitaram Bagram durante os seus mandatos, prometendo vit\u00f3ria e um futuro melhor para o Afeganist\u00e3o. A base tamb\u00e9m foi alvo de in\u00fameros ataques talib\u00e3s ao longo dos anos, incluindo atentados suicidas e ataques com rockets.<\/p>\n<p>Quando as tropas americanas deixaram a base em 2021, removeram o equivalente a quase 900 cargas de C-17 e destru\u00edram quase 16 mil pe\u00e7as de equipamento no processo, informou o Comando Central dos EUA na altura.<\/p>\n<p>Em 2023, o Departamento de Estado divulgou uma an\u00e1lise p\u00f3s-a\u00e7\u00e3o da retirada, que concluiu que a decis\u00e3o dos EUA de deixar Bagram provavelmente contribuiu para a sa\u00edda ca\u00f3tica dos EUA do pa\u00eds como um todo, uma vez que significava que o Aeroporto Internacional Hamid Karzai, em Cabul, &#8220;seria a \u00fanica via para uma poss\u00edvel opera\u00e7\u00e3o de retirada de n\u00e3o combatentes&#8221;.<\/p>\n","protected":false},"excerpt":{"rendered":"H\u00e1 muito que Donald Trump lamenta a sa\u00edda total do Afeganist\u00e3o. Agora parece estar mais perto de reverter&hellip;\n","protected":false},"author":2,"featured_media":78539,"comment_status":"","ping_status":"","sticky":false,"template":"","format":"standard","meta":{"footnotes":""},"categories":[50],"tags":[15560,609,836,611,20288,27,28,607,608,333,832,604,135,610,92,476,235,15,16,301,830,14,603,25,26,570,21,22,831,833,62,834,12,13,19,20,835,602,52,32,23,24,20289,17,18,29,30,31,63,64,65],"class_list":{"0":"post-78538","1":"post","2":"type-post","3":"status-publish","4":"format-standard","5":"has-post-thumbnail","7":"category-mundo","8":"tag-afeganistao","9":"tag-alerta","10":"tag-analise","11":"tag-ao-minuto","12":"tag-base-de-bagram","13":"tag-breaking-news","14":"tag-breakingnews","15":"tag-cnn","16":"tag-cnn-portugal","17":"tag-comentadores","18":"tag-costa","19":"tag-crime","20":"tag-desporto","21":"tag-direto","22":"tag-donald-trump","23":"tag-economia","24":"tag-estados-unidos","25":"tag-featured-news","26":"tag-featurednews","27":"tag-governo","28":"tag-guerra","29":"tag-headlines","30":"tag-justica","31":"tag-latest-news","32":"tag-latestnews","33":"tag-live","34":"tag-main-news","35":"tag-mainnews","36":"tag-mais-vistas","37":"tag-marcelo","38":"tag-mundo","39":"tag-negocios","40":"tag-news","41":"tag-noticias","42":"tag-noticias-principais","43":"tag-noticiasprincipais","44":"tag-opiniao","45":"tag-pais","46":"tag-politica","47":"tag-portugal","48":"tag-principais-noticias","49":"tag-principaisnoticias","50":"tag-talibas","51":"tag-top-stories","52":"tag-topstories","53":"tag-ultimas","54":"tag-ultimas-noticias","55":"tag-ultimasnoticias","56":"tag-world","57":"tag-world-news","58":"tag-worldnews"},"share_on_mastodon":{"url":"","error":""},"_links":{"self":[{"href":"https:\/\/www.europesays.com\/pt\/wp-json\/wp\/v2\/posts\/78538","targetHints":{"allow":["GET"]}}],"collection":[{"href":"https:\/\/www.europesays.com\/pt\/wp-json\/wp\/v2\/posts"}],"about":[{"href":"https:\/\/www.europesays.com\/pt\/wp-json\/wp\/v2\/types\/post"}],"author":[{"embeddable":true,"href":"https:\/\/www.europesays.com\/pt\/wp-json\/wp\/v2\/users\/2"}],"replies":[{"embeddable":true,"href":"https:\/\/www.europesays.com\/pt\/wp-json\/wp\/v2\/comments?post=78538"}],"version-history":[{"count":0,"href":"https:\/\/www.europesays.com\/pt\/wp-json\/wp\/v2\/posts\/78538\/revisions"}],"wp:featuredmedia":[{"embeddable":true,"href":"https:\/\/www.europesays.com\/pt\/wp-json\/wp\/v2\/media\/78539"}],"wp:attachment":[{"href":"https:\/\/www.europesays.com\/pt\/wp-json\/wp\/v2\/media?parent=78538"}],"wp:term":[{"taxonomy":"category","embeddable":true,"href":"https:\/\/www.europesays.com\/pt\/wp-json\/wp\/v2\/categories?post=78538"},{"taxonomy":"post_tag","embeddable":true,"href":"https:\/\/www.europesays.com\/pt\/wp-json\/wp\/v2\/tags?post=78538"}],"curies":[{"name":"wp","href":"https:\/\/api.w.org\/{rel}","templated":true}]}}