{"id":78542,"date":"2025-09-19T20:47:25","date_gmt":"2025-09-19T20:47:25","guid":{"rendered":"https:\/\/www.europesays.com\/pt\/78542\/"},"modified":"2025-09-19T20:47:25","modified_gmt":"2025-09-19T20:47:25","slug":"parece-com-quem-conheca-bento-filho-de-thiaguinho-e-carol-peixinho","status":"publish","type":"post","link":"https:\/\/www.europesays.com\/pt\/78542\/","title":{"rendered":"Parece com quem? Conhe\u00e7a Bento, filho de Thiaguinho e Carol Peixinho"},"content":{"rendered":"<p>Bento nasceu saud\u00e1vel na madrugada desta sexta-feira (19) e j\u00e1 recebeu o carinho de v\u00e1rios famosos<\/p>\n<p>  <img class=\"content-first-image wp-image-2660719 size-full\" loading=\"eager\" decoding=\"sync\" fetchpriority=\"high\" src=\"https:\/\/www.europesays.com\/pt\/wp-content\/uploads\/2025\/09\/parto-carol-peixinho-2.jpg\" alt=\"Bento, filho de Thiaguinho e Carol Peixinho\" width=\"1200\" height=\"800\"  \/>Carol Peixinho compartilhou os primeiros momentos com Bento \u2013 Foto: @carolpeixinho\/Instagram\/Reprodu\u00e7\u00e3o\/ND<\/p>\n<p>A influenciadora Carol Peixinho, de 40 anos, deu \u00e0 luz Bento, primeiro filho dela com o cantor <a href=\"https:\/\/ndmais.com.br\/cultura\/fotos-thiaguinho-anima-primeira-noite-do-sommer-festival-em-blumenau\/\" rel=\"nofollow noopener\" target=\"_blank\">Thiaguinho<\/a>, 42, na madrugada desta sexta-feira (19). O primog\u00eanito chegou arrancando sorrisos e l\u00e1grimas de felicidade do casal, que compartilhou os primeiros momentos do filho com os seguidores.<\/p>\n<p>\u201cNasci na madrugada do dia 19\/09, \u00e0s 00h22, trazendo comigo muito amor, luz e alegria! Mam\u00e3e e eu estamos bem, e Papai est\u00e1 radiante de felicidade! Fui muito esperado e j\u00e1 recebi tanto carinho\u2026 Presentes, mensagens, abra\u00e7os cheios de energia boa\u2026 Senti cada um de voc\u00eas pertinho de mim mesmo antes de chegar!\u201d, compartilhou Carol no Instagram.<\/p>\n<ul class=\"slider-galeria-de-foto-wrapper glide__slides\">\n<li id=\"galeria-slide-1\" class=\"slider-galeria-de-foto-slide glide__slide\"> <a href=\"https:\/\/www.europesays.com\/pt\/wp-content\/uploads\/2025\/09\/parto-carol-peixinho-4.jpg\" title=\"Bento chegou na madrugada desta sexta-feira (19), \u00e0s 00h22 - @carolpeixinho\/Instagram\/Reprodu\u00e7\u00e3o\/ND\" data-caption=\"Bento chegou na madrugada desta sexta-feira (19), \u00e0s 00h22 - @carolpeixinho\/Instagram\/Reprodu\u00e7\u00e3o\/ND\" id=\"zoom-gallery-2660721\" class=\"imagem-galeria\" data-fancybox=\"\"> <img decoding=\"async\" width=\"1200\" height=\"800\" src=\"https:\/\/www.europesays.com\/pt\/wp-content\/uploads\/2025\/09\/parto-carol-peixinho-4.jpg\" class=\"\" alt=\"Bento chegou na madrugada desta sexta-feira (19), \u00e0s 00h22 - @carolpeixinho\/Instagram\/Reprodu\u00e7\u00e3o\/ND\" loading=\"lazy\"  \/> <\/a>   Bento chegou na madrugada desta sexta-feira (19), \u00e0s 00h22 &#8211; @carolpeixinho\/Instagram\/Reprodu\u00e7\u00e3o\/ND   <\/li>\n<li id=\"galeria-slide-2\" class=\"slider-galeria-de-foto-slide glide__slide\"> <a href=\"https:\/\/www.europesays.com\/pt\/wp-content\/uploads\/2025\/09\/parto-carol-peixinho-3.jpg\" title=\"Bento \u00e9 o primeiro filho de Carol Peixinho e Thiaguinho - @carolpeixinho\/Instagram\/Reprodu\u00e7\u00e3o\/ND\" data-caption=\"Bento \u00e9 o primeiro filho de Carol Peixinho e Thiaguinho - @carolpeixinho\/Instagram\/Reprodu\u00e7\u00e3o\/ND\" id=\"zoom-gallery-2660720\" class=\"imagem-galeria\" data-fancybox=\"\"> <img decoding=\"async\" width=\"1200\" height=\"800\" src=\"https:\/\/www.europesays.com\/pt\/wp-content\/uploads\/2025\/09\/parto-carol-peixinho-3.jpg\" class=\"\" alt=\"Bento \u00e9 o primeiro filho de Carol Peixinho e Thiaguinho - @carolpeixinho\/Instagram\/Reprodu\u00e7\u00e3o\/ND\" loading=\"lazy\"  \/> <\/a>   Bento \u00e9 o primeiro filho de Carol Peixinho e Thiaguinho &#8211; @carolpeixinho\/Instagram\/Reprodu\u00e7\u00e3o\/ND   <\/li>\n<li id=\"galeria-slide-3\" class=\"slider-galeria-de-foto-slide glide__slide\"> <a href=\"https:\/\/www.europesays.com\/pt\/wp-content\/uploads\/2025\/09\/parto-carol-peixinho.jpg\" title=\"Casal est\u00e1 junto desde 2021 - @carolpeixinho\/Instagram\/Reprodu\u00e7\u00e3o\/ND\" data-caption=\"Casal est\u00e1 junto desde 2021 - @carolpeixinho\/Instagram\/Reprodu\u00e7\u00e3o\/ND\" id=\"zoom-gallery-2660718\" class=\"imagem-galeria\" data-fancybox=\"\"> <img decoding=\"async\" width=\"1200\" height=\"800\" src=\"https:\/\/www.europesays.com\/pt\/wp-content\/uploads\/2025\/09\/parto-carol-peixinho.jpg\" class=\"\" alt=\"Casal est\u00e1 junto desde 2021 - @carolpeixinho\/Instagram\/Reprodu\u00e7\u00e3o\/ND\" loading=\"lazy\"  \/> <\/a>   Casal est\u00e1 junto desde 2021 &#8211; @carolpeixinho\/Instagram\/Reprodu\u00e7\u00e3o\/ND   <\/li>\n<\/ul>\n<p>\u201cEstou come\u00e7ando minha vida cercado de amor, b\u00ean\u00e7\u00e3os e sorrisos, e mal posso esperar para conhecer cada um que torceu por mim! Obrigadinho a todos pelo carinho, pelas ora\u00e7\u00f5es e pelo amor que j\u00e1 sinto no cora\u00e7\u00e3o! Agora \u00e9 hora de viver, crescer e espalhar alegria!\u201d completou.<\/p>\n<p>Nos coment\u00e1rios, Bento foi celebrado por v\u00e1rios famosos. \u201cQue Deus aben\u00e7oe muito\u201d, escreveu <a href=\"https:\/\/ndmais.com.br\/famosos\/rafa-kalimann-e-nattanzinho-anunciam-primeiro-filho\/\" rel=\"nofollow noopener\" target=\"_blank\">Rafa Kalimann, que tamb\u00e9m est\u00e1 gr\u00e1vida<\/a>. \u201cBem vindo, pequeno! Papai e Mam\u00e3e v\u00e3o curtir muitas Madrugadinhas agora\u201d, brincou Tiago Leifert com o show Tardezinha.<\/p>\n<p>O an\u00fancio da gravidez de Bento, filho de Thiaguinho e Carol Peixinho<\/p>\n<p>Thiaguinho e Carol Peixinho <a href=\"https:\/\/ndmais.com.br\/famosos\/fotos-thiaguinho-e-carol-peixinho-anunciam-gravidez-com-ensaio-fotografico-especial\/\" rel=\"nofollow noopener\" target=\"_blank\">anunciaram em mar\u00e7o a gravidez<\/a> de Bento pelas redes sociais, com um ensaio fotogr\u00e1fico especial.<\/p>\n<ul class=\"slider-galeria-de-foto-wrapper glide__slides\">\n<li id=\"galeria-slide-1\" class=\"slider-galeria-de-foto-slide glide__slide\"> <a href=\"https:\/\/www.europesays.com\/pt\/wp-content\/uploads\/2025\/09\/thiaguinho-e-carol-peixinho-gravidez-1.png\" title=\"Thiaguinho e Carol Peixinho est\u00e3o juntos h\u00e1 mais de 3 anos. - Bruno Soares\/@brunosoares\/ND\" data-caption=\"Thiaguinho e Carol Peixinho est\u00e3o juntos h\u00e1 mais de 3 anos. - Bruno Soares\/@brunosoares\/ND\" id=\"zoom-gallery-2505634\" class=\"imagem-galeria\" data-fancybox=\"\"> <img decoding=\"async\" width=\"1200\" height=\"900\" src=\"https:\/\/www.europesays.com\/pt\/wp-content\/uploads\/2025\/09\/thiaguinho-e-carol-peixinho-gravidez-1.png\" class=\"\" alt=\"Thiaguinho e Carol Peixinho est\u00e3o juntos h\u00e1 mais de 3 anos. - Bruno Soares\/@brunosoares\/ND\" loading=\"lazy\"  \/> <\/a>   Thiaguinho e Carol Peixinho est\u00e3o juntos h\u00e1 mais de 3 anos. &#8211; Bruno Soares\/@brunosoares\/ND   <\/li>\n<li id=\"galeria-slide-2\" class=\"slider-galeria-de-foto-slide glide__slide\"> <a href=\"https:\/\/www.europesays.com\/pt\/wp-content\/uploads\/2025\/09\/thiaguinho-e-carol-peixinho-gravidez-2.png\" title=\"O casal compartilha pelas redes sociais v\u00e1rios momentos rom\u00e2nticos. - Bruno Soares\/@brunosoares\/ND\" data-caption=\"O casal compartilha pelas redes sociais v\u00e1rios momentos rom\u00e2nticos. - Bruno Soares\/@brunosoares\/ND\" id=\"zoom-gallery-2505635\" class=\"imagem-galeria\" data-fancybox=\"\"> <img decoding=\"async\" width=\"1200\" height=\"900\" src=\"https:\/\/www.europesays.com\/pt\/wp-content\/uploads\/2025\/09\/thiaguinho-e-carol-peixinho-gravidez-2.png\" class=\"\" alt=\"O casal compartilha pelas redes sociais v\u00e1rios momentos rom\u00e2nticos. - Bruno Soares\/@brunosoares\/ND\" loading=\"lazy\"  \/> <\/a>   O casal compartilha pelas redes sociais v\u00e1rios momentos rom\u00e2nticos. &#8211; Bruno Soares\/@brunosoares\/ND   <\/li>\n<li id=\"galeria-slide-3\" class=\"slider-galeria-de-foto-slide glide__slide\"> <a href=\"https:\/\/www.europesays.com\/pt\/wp-content\/uploads\/2025\/09\/thiaguinho-e-carol-peixinho-gravidez-4.png\" title=\"\" data-caption=\"\" id=\"zoom-gallery-2505637\" class=\"imagem-galeria\" agora=\"\" somos=\"\" comemorou=\"\" casal=\"\" pelas=\"\" redes=\"\" bruno=\"\" data-fancybox=\"\"> <img decoding=\"async\" width=\"1200\" height=\"900\" src=\"https:\/\/www.europesays.com\/pt\/wp-content\/uploads\/2025\/09\/thiaguinho-e-carol-peixinho-gravidez-4.png\" class=\"\" alt=\"&quot;Agora somos 3&quot;, comemorou o casal pelas redes sociais. - Bruno Soares\/@brunosoares\/ND\" loading=\"lazy\"  \/> <\/a>   &#8220;Agora somos 3&#8221;, comemorou o casal pelas redes sociais. &#8211; Bruno Soares\/@brunosoares\/ND   <\/li>\n<li id=\"galeria-slide-4\" class=\"slider-galeria-de-foto-slide glide__slide\"> <a href=\"https:\/\/www.europesays.com\/pt\/wp-content\/uploads\/2025\/09\/thiaguinho-e-carol-peixinho-gravidez-3.png\" title=\"Eles aproveitaram para compartilhar no Instagram um ensaio fotogr\u00e1fico especial. - Bruno Soares\/@brunosoares\/ND\" data-caption=\"Eles aproveitaram para compartilhar no Instagram um ensaio fotogr\u00e1fico especial. - Bruno Soares\/@brunosoares\/ND\" id=\"zoom-gallery-2505636\" class=\"imagem-galeria\" data-fancybox=\"\"> <img decoding=\"async\" width=\"1200\" height=\"900\" src=\"https:\/\/www.europesays.com\/pt\/wp-content\/uploads\/2025\/09\/thiaguinho-e-carol-peixinho-gravidez-3.png\" class=\"\" alt=\"Eles aproveitaram para compartilhar no Instagram um ensaio fotogr\u00e1fico especial. - Bruno Soares\/@brunosoares\/ND\" loading=\"lazy\"  \/> <\/a>   Eles aproveitaram para compartilhar no Instagram um ensaio fotogr\u00e1fico especial. &#8211; Bruno Soares\/@brunosoares\/ND   <\/li>\n<li id=\"galeria-slide-5\" class=\"slider-galeria-de-foto-slide glide__slide\"> <a href=\"https:\/\/www.europesays.com\/pt\/wp-content\/uploads\/2025\/09\/thiaguinho-e-carol-peixinho-gravidez-6.png\" title=\"\" data-caption=\"\" id=\"zoom-gallery-2505639\" class=\"imagem-galeria\" nosso=\"\" amor=\"\" disse=\"\" casal=\"\" em=\"\" um=\"\" post=\"\" do=\"\" bruno=\"\" data-fancybox=\"\"> <img decoding=\"async\" width=\"1200\" height=\"900\" src=\"https:\/\/www.europesays.com\/pt\/wp-content\/uploads\/2025\/09\/thiaguinho-e-carol-peixinho-gravidez-6.png\" class=\"\" alt=\"&quot;Nosso amor transbordou&quot;, disse o casal em um post do Instagram. - Bruno Soares\/@brunosoares\/ND\" loading=\"lazy\"  \/> <\/a>   &#8220;Nosso amor transbordou&#8221;, disse o casal em um post do Instagram. &#8211; Bruno Soares\/@brunosoares\/ND   <\/li>\n<li id=\"galeria-slide-6\" class=\"slider-galeria-de-foto-slide glide__slide\"> <a href=\"https:\/\/www.europesays.com\/pt\/wp-content\/uploads\/2025\/09\/thiaguinho-e-carol-peixinho-gravidez-5.png\" title=\"Pelas redes sociais v\u00e1rios famosos, como Ang\u00e9lica e Preta Gil, parabenizaram o casal pela gravidez. - Bruno Soares\/@brunosoares\/ND\" data-caption=\"Pelas redes sociais v\u00e1rios famosos, como Ang\u00e9lica e Preta Gil, parabenizaram o casal pela gravidez. - Bruno Soares\/@brunosoares\/ND\" id=\"zoom-gallery-2505638\" class=\"imagem-galeria\" data-fancybox=\"\"> <img decoding=\"async\" width=\"1200\" height=\"900\" src=\"https:\/\/www.europesays.com\/pt\/wp-content\/uploads\/2025\/09\/thiaguinho-e-carol-peixinho-gravidez-5.png\" class=\"\" alt=\"Pelas redes sociais v\u00e1rios famosos, como Ang\u00e9lica e Preta Gil, parabenizaram o casal pela gravidez. - Bruno Soares\/@brunosoares\/ND\" loading=\"lazy\"  \/> <\/a>   Pelas redes sociais v\u00e1rios famosos, como Ang\u00e9lica e Preta Gil, parabenizaram o casal pela gravidez. &#8211; Bruno Soares\/@brunosoares\/ND   <\/li>\n<li id=\"galeria-slide-7\" class=\"slider-galeria-de-foto-slide glide__slide\"> <a href=\"https:\/\/www.europesays.com\/pt\/wp-content\/uploads\/2025\/09\/thiaguinho-e-carol-peixinho-gravidez-7.png\" title=\"Thiaguinho e Carol Peixinho anunciaram a gravidez pelo Instagram neste domingo (30). - Bruno Soares\/@brunosoares\/ND\" data-caption=\"Thiaguinho e Carol Peixinho anunciaram a gravidez pelo Instagram neste domingo (30). - Bruno Soares\/@brunosoares\/ND\" id=\"zoom-gallery-2505640\" class=\"imagem-galeria\" data-fancybox=\"\"> <img decoding=\"async\" width=\"1200\" height=\"900\" src=\"https:\/\/www.europesays.com\/pt\/wp-content\/uploads\/2025\/09\/thiaguinho-e-carol-peixinho-gravidez-7.png\" class=\"\" alt=\"Thiaguinho e Carol Peixinho anunciaram a gravidez pelo Instagram neste domingo (30). - Bruno Soares\/@brunosoares\/ND\" loading=\"lazy\"  \/> <\/a>   Thiaguinho e Carol Peixinho anunciaram a gravidez pelo Instagram neste domingo (30). &#8211; Bruno Soares\/@brunosoares\/ND   <\/li>\n<\/ul>\n<p>Na postagem,<a href=\"https:\/\/www.instagram.com\/p\/DH1BtkFOs7h\/?igsh=dmQ5djE1a2p6NmFq\" target=\"_blank\" rel=\"noopener nofollow\">\u00a0publicada em colab nos dois perfis<\/a>, Thiaguinho e Carol Peixinho compartilharam um carrossel de fotos do ensaio fotogr\u00e1fico da gravidez. Em algumas, os f\u00e3s puderam ver uma pequena imagem que mostra o\u00a0<a href=\"https:\/\/ndmais.com.br\/saude\/praticar-exercicios-na-gravidez-beneficios-que-voce-precisa-conhecer\/\" rel=\"nofollow noopener\" target=\"_blank\">exame de ultrassom<\/a>.<\/p>\n<p>Al\u00e9m das fotos, eles tamb\u00e9m deixaram uma mensagem carinhosa comemorando esse novo ciclo:\u00a0\u201cProntos pra viver o MAIOR AMOR do mundo! Nosso amor transbordou e agora somos 3!!! Desde j\u00e1, nossa FAM\u00cdLIA agradece todo o carinho que vamos receber! Ben\u00e7\u00e3o a caminho! Deus aben\u00e7oe!\u201d.<\/p>\n<p>       <script async src=\"\/\/www.instagram.com\/embed.js\"><\/script><\/p>\n","protected":false},"excerpt":{"rendered":"Bento nasceu saud\u00e1vel na madrugada desta sexta-feira (19) e j\u00e1 recebeu o carinho de v\u00e1rios famosos Carol Peixinho&hellip;\n","protected":false},"author":2,"featured_media":78543,"comment_status":"","ping_status":"","sticky":false,"template":"","format":"standard","meta":{"footnotes":""},"categories":[145],"tags":[726,211,210,1967,114,115,980,1968,32,33],"class_list":{"0":"post-78542","1":"post","2":"type-post","3":"status-publish","4":"format-standard","5":"has-post-thumbnail","7":"category-celebridades","8":"tag-brasil","9":"tag-celebridades","10":"tag-celebrities","11":"tag-contedo-de-internet","12":"tag-entertainment","13":"tag-entretenimento","14":"tag-famosos","15":"tag-notcia","16":"tag-portugal","17":"tag-pt"},"share_on_mastodon":{"url":"","error":""},"_links":{"self":[{"href":"https:\/\/www.europesays.com\/pt\/wp-json\/wp\/v2\/posts\/78542","targetHints":{"allow":["GET"]}}],"collection":[{"href":"https:\/\/www.europesays.com\/pt\/wp-json\/wp\/v2\/posts"}],"about":[{"href":"https:\/\/www.europesays.com\/pt\/wp-json\/wp\/v2\/types\/post"}],"author":[{"embeddable":true,"href":"https:\/\/www.europesays.com\/pt\/wp-json\/wp\/v2\/users\/2"}],"replies":[{"embeddable":true,"href":"https:\/\/www.europesays.com\/pt\/wp-json\/wp\/v2\/comments?post=78542"}],"version-history":[{"count":0,"href":"https:\/\/www.europesays.com\/pt\/wp-json\/wp\/v2\/posts\/78542\/revisions"}],"wp:featuredmedia":[{"embeddable":true,"href":"https:\/\/www.europesays.com\/pt\/wp-json\/wp\/v2\/media\/78543"}],"wp:attachment":[{"href":"https:\/\/www.europesays.com\/pt\/wp-json\/wp\/v2\/media?parent=78542"}],"wp:term":[{"taxonomy":"category","embeddable":true,"href":"https:\/\/www.europesays.com\/pt\/wp-json\/wp\/v2\/categories?post=78542"},{"taxonomy":"post_tag","embeddable":true,"href":"https:\/\/www.europesays.com\/pt\/wp-json\/wp\/v2\/tags?post=78542"}],"curies":[{"name":"wp","href":"https:\/\/api.w.org\/{rel}","templated":true}]}}