{"id":78570,"date":"2025-09-19T21:06:07","date_gmt":"2025-09-19T21:06:07","guid":{"rendered":"https:\/\/www.europesays.com\/pt\/78570\/"},"modified":"2025-09-19T21:06:07","modified_gmt":"2025-09-19T21:06:07","slug":"bts-o-momento-fofo-de-uma-advogada-extraordinaria-recriado-por-rm-e-jimin","status":"publish","type":"post","link":"https:\/\/www.europesays.com\/pt\/78570\/","title":{"rendered":"BTS: O momento fofo de \u2018Uma Advogada Extraordin\u00e1ria\u2019 recriado por RM e Jimin"},"content":{"rendered":"<p>Um dos <a href=\"https:\/\/recreio.com.br\/tags\/dorama\" target=\"_blank\" rel=\"noopener nofollow\">doramas<\/a> de maior sucesso da TV sul-coreana, \u201cUma Advogada Extraordin\u00e1ria\u201d, conquistou at\u00e9 mesmo os membros do BTS ao acompanhar Woo Young-woo (<a href=\"https:\/\/www.instagram.com\/eunbining0904\" target=\"_blank\" rel=\"noopener nofollow\"><strong>Park Eun Bin<\/strong>)<\/a>, uma advogada com transtorno do espectro autista que se destaca devido ao seu QI alto e uma mem\u00f3ria impressionante.<\/p>\n<p>Al\u00e9m da mente brilhante de Woo Young-woo, o dorama aborda algumas das dificuldades que a personagem enfrenta devido \u00e0 condi\u00e7\u00e3o neurol\u00f3gica que tem, como a falta de manejo com intera\u00e7\u00f5es cotidianas e adversidades que acabam ficando mais leves de superar com a ajudinha de Dong Geu-ra-mi (<strong>Joo Hyun Young<\/strong>), a melhor amiga de inf\u00e2ncia da protagonista.<\/p>\n<p>A proximidade das garotas, inclusive, faz com que elas tenham uma sauda\u00e7\u00e3o \u00fanica que acabou marcando o dorama e tenha marcado um momento entre <strong>RM<\/strong> e <strong>Jimin<\/strong>, do <a href=\"https:\/\/x.com\/bts_bighit?lang=pt\" target=\"_blank\" rel=\"noopener nofollow\">BTS<\/a>, enquanto tentavam ajudar <strong>Jin<\/strong>, tamb\u00e9m membro do grupo.<\/p>\n<p> Como assim? <\/p>\n<p>Acontece que, nos bastidores da festa de audi\u00e7\u00e3o do \u00e1lbum de estreia solo de <strong>J-Hope<\/strong>, \u201cJack In The Box\u201d, os membros do BTS se reuniram em apoio ao lan\u00e7amento do idol e em certo momento no camarim, <strong>Jin<\/strong> revelou que estava com medo de conhecer \u201cpessoas novas\u201d, ent\u00e3o decidiu pedir dicas de como se enturmar com <strong>RM<\/strong>.<\/p>\n<p>Na ocasi\u00e3o, <strong>Jin<\/strong> perguntou a <strong>RM<\/strong>: \u201cNamjoon, como voc\u00ea diz oi para as celebridades?\u201d. O l\u00edder do BTS ent\u00e3o decidiu se apoiar em \u201cUma Advogada Extraordin\u00e1ria\u201d para responder \u00e0 quest\u00e3o, j\u00e1 que adaptou a sauda\u00e7\u00e3o de Woo Young-woo e Dong Geu-ra-mi para ajudar a voz de \u201cDon\u2019t Say You Love Me\u201d.<\/p>\n<p>Isso porque <strong>RM<\/strong> trocou a frase original do dorama \u201cWoo to the Young to the Woo\u201d para \u201cBang to the Tan to the Jin\u201d, enquanto <strong>Jimin<\/strong> se juntava a eles para completar a sauda\u00e7\u00e3o dizendo \u201cDong to the Gue to the Rami\u201d ao mesmo tempo que faziam os movimentos que completam o fofo cumprimento das amigas.<\/p>\n<p>O momento foi divulgado em um v\u00eddeo do <a href=\"https:\/\/en.wikipedia.org\/wiki\/BTS\" target=\"_blank\" rel=\"noopener nofollow\">Bangtan Bomb<\/a> postado no canal do BTS no YouTube; veja a partir do minuto 3:00!<\/p>\n<p>\t Mais sobre \u201cUma Advogada Extraordin\u00e1ria\u201d <\/p>\n<p>Lan\u00e7ado em 2022, \u201cUma Advogada Extraordin\u00e1ria\u201d foi criado por <strong>Yoo In-sik<\/strong> (Retalia\u00e7\u00e3o) e <strong>Moon Ji-won<\/strong> (Testemunha) e conta com temporada de 16 epis\u00f3dios. No elenco h\u00e1, al\u00e9m de <strong>Park Eun Bin<\/strong> (O Rei de Porcelana) e <strong>Joo Hyun Young <\/strong>(Ghost Train), nomes como<strong> Kang Tae Oh <\/strong>(Amor e Batatas), <strong>Jeon Bae Soo <\/strong>(Olhe nos meus olhos), <strong>Kang Ki Young<\/strong> (Rainha do Div\u00f3rcio) e<strong> Baek Ji Won <\/strong>(Oficial da condicional Lee).<\/p>\n<p>Com estreia no dia 29 de junho na ENA, o dorama registrou a maior audi\u00eancia nacional da emissora, al\u00e9m de ter alcan\u00e7ado o Top 10 da Netflix na Coreia, onde a produ\u00e7\u00e3o est\u00e1 inclusa no cat\u00e1logo com a seguinte sinopse: \u201cRec\u00e9m-contratada por um grande escrit\u00f3rio de advocacia, uma jovem brilhante no espectro autista enfrenta desafios dentro e fora do tribunal.\u201d<\/p>\n<p>        <a href=\"https:\/\/recreio.com.br\/noticias\/author\/izabela-queiroz\" rel=\"nofollow noopener\" target=\"_blank\">&#13;<br \/>\n          <img alt=\"Izabela Queiroz\" src=\"https:\/\/secure.gravatar.com\/avatar\/73c0b9c1056486c3f0ac887fc031213cdd608512c3b419d28e1ba5da81c3eb12?s=115&amp;d=mm&amp;r=g\"  class=\"avatar avatar-115 photo rounded-circle mr-3\" height=\"115\" width=\"115\" loading=\"lazy\" decoding=\"async\"\/>        <\/a><\/p>\n<p>Cin\u00e9fila e jornalista, Izabela Queiroz \u00e9 formada pela UNINOVE. Gosta de escrever sobre filmes, s\u00e9ries e m\u00fasica e nunca deixa de lado a paix\u00e3o por tramas repletas de plot twists, al\u00e9m de ser viciada em sitcoms, marvete sempre que pode e crente fiel da Teoria Pixar.<\/p>\n<p>\t                                            <script async src=\"\/\/www.instagram.com\/embed.js\"><\/script><\/p>\n","protected":false},"excerpt":{"rendered":"Um dos doramas de maior sucesso da TV sul-coreana, \u201cUma Advogada Extraordin\u00e1ria\u201d, conquistou at\u00e9 mesmo os membros do&hellip;\n","protected":false},"author":2,"featured_media":78571,"comment_status":"","ping_status":"","sticky":false,"template":"","format":"standard","meta":{"footnotes":""},"categories":[141],"tags":[2344,2081,114,115,8003,20045,3091,149,150,32,33,20046,20292],"class_list":{"0":"post-78570","1":"post","2":"type-post","3":"status-publish","4":"format-standard","5":"has-post-thumbnail","7":"category-musica","8":"tag-bts","9":"tag-dorama","10":"tag-entertainment","11":"tag-entretenimento","12":"tag-jimin","13":"tag-jin","14":"tag-k-drama","15":"tag-music","16":"tag-musica","17":"tag-portugal","18":"tag-pt","19":"tag-rm","20":"tag-uma-advogada-extraordinaria"},"share_on_mastodon":{"url":"","error":""},"_links":{"self":[{"href":"https:\/\/www.europesays.com\/pt\/wp-json\/wp\/v2\/posts\/78570","targetHints":{"allow":["GET"]}}],"collection":[{"href":"https:\/\/www.europesays.com\/pt\/wp-json\/wp\/v2\/posts"}],"about":[{"href":"https:\/\/www.europesays.com\/pt\/wp-json\/wp\/v2\/types\/post"}],"author":[{"embeddable":true,"href":"https:\/\/www.europesays.com\/pt\/wp-json\/wp\/v2\/users\/2"}],"replies":[{"embeddable":true,"href":"https:\/\/www.europesays.com\/pt\/wp-json\/wp\/v2\/comments?post=78570"}],"version-history":[{"count":0,"href":"https:\/\/www.europesays.com\/pt\/wp-json\/wp\/v2\/posts\/78570\/revisions"}],"wp:featuredmedia":[{"embeddable":true,"href":"https:\/\/www.europesays.com\/pt\/wp-json\/wp\/v2\/media\/78571"}],"wp:attachment":[{"href":"https:\/\/www.europesays.com\/pt\/wp-json\/wp\/v2\/media?parent=78570"}],"wp:term":[{"taxonomy":"category","embeddable":true,"href":"https:\/\/www.europesays.com\/pt\/wp-json\/wp\/v2\/categories?post=78570"},{"taxonomy":"post_tag","embeddable":true,"href":"https:\/\/www.europesays.com\/pt\/wp-json\/wp\/v2\/tags?post=78570"}],"curies":[{"name":"wp","href":"https:\/\/api.w.org\/{rel}","templated":true}]}}