{"id":78578,"date":"2025-09-19T21:12:12","date_gmt":"2025-09-19T21:12:12","guid":{"rendered":"https:\/\/www.europesays.com\/pt\/78578\/"},"modified":"2025-09-19T21:12:12","modified_gmt":"2025-09-19T21:12:12","slug":"porsche-911-vai-manter-caixa-manual-mas-so-em-algumas-versoes","status":"publish","type":"post","link":"https:\/\/www.europesays.com\/pt\/78578\/","title":{"rendered":"Porsche 911 vai manter caixa manual mas s\u00f3 em algumas vers\u00f5es"},"content":{"rendered":"<p>\n\tA Porsche n\u00e3o pretende abdicar da caixa de velocidades manual no seu 911, mas s\u00f3 em algumas vers\u00f5es. O diretor de produto explica tudo.\n<\/p>\n<p>Se h\u00e1 modelo que sempre associ\u00e1mos ao prazer de condu\u00e7\u00e3o \u00e9 o Porsche 911, sendo que os mais puristas ainda continuam a ter a caixa de velocidades manual num pedestal quase sagrado.<\/p>\n<p>Ainda assim, nos \u00faltimos anos, a transmiss\u00e3o autom\u00e1tica PDK tem vindo a ganhar protagonismo dentro da gama 911. Os motivos s\u00e3o f\u00e1ceis de entender: \u00e9 mais r\u00e1pida, tem um registo inferior de emiss\u00f5es e tem demonstrado uma fiabilidade assinal\u00e1vel. Problema: n\u00e3o \u00e9 bem a mesma coisa.<\/p>\n<p>Michael R\u00f6sler pensa precisamente da mesma forma, com a vantagem de ser ele o diretor de produto do <a href=\"https:\/\/www.razaoautomovel.com\/marca\/porsche\/911\" rel=\"nofollow noopener\" target=\"_blank\">Porsche 911<\/a>. Numa entrevista recente \u00e0 <a href=\"https:\/\/www.evo.co.uk\/porsche\/911\/208159\/the-man-in-charge-of-the-porsche-911-on-the-future-of-the-worlds-most-iconic\" target=\"_blank\" rel=\"noreferrer noopener nofollow\">revista EVO,<\/a> R\u00f6sler deixou bem claro que a Porsche n\u00e3o pretende abandonar a tecnologia que tem empolgado os f\u00e3s da condu\u00e7\u00e3o pura ao longo de d\u00e9cadas.<\/p>\n<p>\u201cEstamos a pensar em todas as possibilidades para dar aos clientes uma caixa manual\u201d, disse.<\/p>\n<p><img loading=\"lazy\" decoding=\"async\" width=\"2048\" height=\"1153\" src=\"data:image\/svg+xml,%3Csvg%20xmlns=\" http:=\"\" alt=\"Log\u00f3tipo da caixa manual no vidro traseiro\" class=\"wp-image-1084788\" data-lazy- data-lazy- data-lazy-src=\"https:\/\/www.europesays.com\/pt\/wp-content\/uploads\/2025\/09\/Porsche-911-caixa-manual-03.webp.webp\"\/>\u00a9 Porsche Os maiores entusiastas da Porsche e da sua caixa de velocidades manual levam esta paix\u00e3o muito a s\u00e9rio.<\/p>\n<p>A principal dificuldade surge com a chegada das vers\u00f5es eletrificadas. Nos novos Porsche 911 GTS e Turbo, a presen\u00e7a de um sistema h\u00edbrido impossibilita a utiliza\u00e7\u00e3o de uma caixa manual. Por esse motivo, ser\u00e1 apenas nas vers\u00f5es mais puristas que a caixa manual continuar\u00e1 a marcar presen\u00e7a.<\/p>\n<p>Em mercados como os EUA, por exemplo, a procura por este tipo de transmiss\u00e3o ainda \u00e9 bastante significativa. Antes da chegada das vers\u00f5es h\u00edbridas, cerca de metade dos clientes do 911 GTS optavam pela vers\u00e3o manual.<\/p>\n<p>Na Europa, os n\u00fameros s\u00e3o mais modestos, mas n\u00e3o deixam de justificar a continuidade desta op\u00e7\u00e3o em vers\u00f5es mais espec\u00edficas. Sobretudo, as que privilegiam a liga\u00e7\u00e3o direta entre o condutor e a m\u00e1quina, como \u00e9 o caso do 911 GT3.<\/p>\n<p>Vers\u00f5es especiais mant\u00eam viva a tradi\u00e7\u00e3o<\/p>\n<p>Segundo R\u00f6sler, a Porsche poder\u00e1 reservar a caixa de velocidades manual para s\u00e9ries limitadas e para modelos mais especiais. Entre eles est\u00e3o, por exemplo, as op\u00e7\u00f5es pensadas para os condutores mais puristas como o Speedster ou o Carrera T.<\/p>\n<p>O executivo da marca alem\u00e3 recorda que a Porsche j\u00e1 conta com uma longa experi\u00eancia na arte de conciliar modernidade com tradi\u00e7\u00e3o e a aposta em edi\u00e7\u00f5es mais especiais poder\u00e1 ser o caminho certo para prolongar a \u201cvida\u201d da transmiss\u00e3o manual no Porsche 911.<\/p>\n<p>Em suma, apesar da press\u00e3o tecnol\u00f3gica e das exig\u00eancias ambientais, a Porsche ainda n\u00e3o est\u00e1 preparada para abdicar da caixa de velocidades manual. Pelo contr\u00e1rio, seguindo a ideia de R\u00f6sler, tudo indica que esta op\u00e7\u00e3o continuar\u00e1 a ser um s\u00edmbolo de identidade da marca para os seus maiores entusiastas.<\/p>\n<p>\t\t\tSabe esta resposta?<br \/>\n\t\t\tQual destes monovolumes foi desenvolvido com o apoio da Porsche?<\/p>\n<p>\n\t\t\t\t\t\t\t\t\t\t\tOpel Zafira<br \/>\n\t\t\t\t\t\t\t\t\t\t\tVolkswagen Tiguan<br \/>\n\t\t\t\t\t\t\t\t\t\t\tFord S-Max\n\t\t\t\t\t\t\t\t\t<\/p>\n","protected":false},"excerpt":{"rendered":"A Porsche n\u00e3o pretende abdicar da caixa de velocidades manual no seu 911, mas s\u00f3 em algumas vers\u00f5es.&hellip;\n","protected":false},"author":2,"featured_media":78579,"comment_status":"","ping_status":"","sticky":false,"template":"","format":"standard","meta":{"footnotes":""},"categories":[83],"tags":[88,14786,20294,20295,89,90,295,4311,12064,32,33],"class_list":{"0":"post-78578","1":"post","2":"type-post","3":"status-publish","4":"format-standard","5":"has-post-thumbnail","7":"category-empresas","8":"tag-business","9":"tag-caixa-de-velocidades","10":"tag-caixa-manual","11":"tag-caixa-pdk","12":"tag-economy","13":"tag-empresas","14":"tag-industria","15":"tag-porsche","16":"tag-porsche-911","17":"tag-portugal","18":"tag-pt"},"share_on_mastodon":{"url":"","error":""},"_links":{"self":[{"href":"https:\/\/www.europesays.com\/pt\/wp-json\/wp\/v2\/posts\/78578","targetHints":{"allow":["GET"]}}],"collection":[{"href":"https:\/\/www.europesays.com\/pt\/wp-json\/wp\/v2\/posts"}],"about":[{"href":"https:\/\/www.europesays.com\/pt\/wp-json\/wp\/v2\/types\/post"}],"author":[{"embeddable":true,"href":"https:\/\/www.europesays.com\/pt\/wp-json\/wp\/v2\/users\/2"}],"replies":[{"embeddable":true,"href":"https:\/\/www.europesays.com\/pt\/wp-json\/wp\/v2\/comments?post=78578"}],"version-history":[{"count":0,"href":"https:\/\/www.europesays.com\/pt\/wp-json\/wp\/v2\/posts\/78578\/revisions"}],"wp:featuredmedia":[{"embeddable":true,"href":"https:\/\/www.europesays.com\/pt\/wp-json\/wp\/v2\/media\/78579"}],"wp:attachment":[{"href":"https:\/\/www.europesays.com\/pt\/wp-json\/wp\/v2\/media?parent=78578"}],"wp:term":[{"taxonomy":"category","embeddable":true,"href":"https:\/\/www.europesays.com\/pt\/wp-json\/wp\/v2\/categories?post=78578"},{"taxonomy":"post_tag","embeddable":true,"href":"https:\/\/www.europesays.com\/pt\/wp-json\/wp\/v2\/tags?post=78578"}],"curies":[{"name":"wp","href":"https:\/\/api.w.org\/{rel}","templated":true}]}}