{"id":78580,"date":"2025-09-19T21:13:04","date_gmt":"2025-09-19T21:13:04","guid":{"rendered":"https:\/\/www.europesays.com\/pt\/78580\/"},"modified":"2025-09-19T21:13:04","modified_gmt":"2025-09-19T21:13:04","slug":"portugal-tem-ate-2027-para-deixar-de-importar-gas-russo-caso-novas-sancoes-contra-moscovo-sejam-aprovadas","status":"publish","type":"post","link":"https:\/\/www.europesays.com\/pt\/78580\/","title":{"rendered":"Portugal tem at\u00e9 2027 para deixar de importar g\u00e1s russo, caso novas san\u00e7\u00f5es contra Moscovo sejam aprovadas"},"content":{"rendered":"<p>Portugal \u00e9 um dos oito Estados-membros da Uni\u00e3o Europeia (UE) que ter\u00e3o de encontrar alternativas \u00e0s importa\u00e7\u00f5es de g\u00e1s russo at\u00e9 01 de janeiro de 2027 se o novo pacote de san\u00e7\u00f5es, proposto esta sexta-feira, 19 de setembro, for aprovado.<\/p>\n<p>A chefe da diplomacia da UE, Kaja Kallas, divulgou nas redes sociais que um dos objetivos do 19.\u00ba pacote de san\u00e7\u00f5es \u00e9 o de \u201cacelerar a elimina\u00e7\u00e3o progressiva do g\u00e1s natural liquefeito russo at\u00e9 1 de janeiro de 2027\u201d.<\/p>\n<p>Os pa\u00edses que ainda importam g\u00e1s russo s\u00e3o a B\u00e9lgica, Pa\u00edses Baixos, Fran\u00e7a, Espanha, Portugal, principalmente atrav\u00e9s do gasoduto TurkStream e g\u00e1s natural liquefeito (por navio) e ainda Gr\u00e9cia, Eslov\u00e1quia e Hungria, do gasoduto TurkStream\u201d, explicou a porta-voz para a Energia, Anna-Kaisa Itkonen.<\/p>\n<p><strong>Na proposta apresentada, a presidente do executivo comunit\u00e1rio, Ursula von der Leyen, tamb\u00e9m referiu que est\u00e3o \u201ca proibir as importa\u00e7\u00f5es de GNL russo para os mercados europeus&#8221;.<\/strong><\/p>\n<p><strong>&#8220;\u00c9 altura de fechar a torneira\u201d, refor\u00e7ou.<\/strong><\/p>\n<p>O 19.\u00ba pacote de san\u00e7\u00f5es hoje adotado pela Comiss\u00e3o Europeia inclui novo corte nos rendimentos obtidos por Moscovo atrav\u00e9s de venda de energia.<\/p>\n<p>O pacote quer ainda melhorar as a\u00e7\u00f5es contra a evas\u00e3o de san\u00e7\u00f5es, nomeadamente atrav\u00e9s de pa\u00edses terceiros, abarcando as cripto moedas.<\/p>\n<p>A R\u00fassia lan\u00e7ou em 24 de fevereiro de 2022 uma ofensiva contra a Ucr\u00e2nia.<\/p>\n","protected":false},"excerpt":{"rendered":"Portugal \u00e9 um dos oito Estados-membros da Uni\u00e3o Europeia (UE) que ter\u00e3o de encontrar alternativas \u00e0s importa\u00e7\u00f5es de&hellip;\n","protected":false},"author":2,"featured_media":78581,"comment_status":"","ping_status":"","sticky":false,"template":"","format":"standard","meta":{"footnotes":""},"categories":[50],"tags":[27,28,15,16,889,14,25,26,21,22,62,12,13,19,20,23,24,20296,17,18,29,30,31,636,63,64,65],"class_list":{"0":"post-78580","1":"post","2":"type-post","3":"status-publish","4":"format-standard","5":"has-post-thumbnail","7":"category-mundo","8":"tag-breaking-news","9":"tag-breakingnews","10":"tag-featured-news","11":"tag-featurednews","12":"tag-guerra-na-ucrania","13":"tag-headlines","14":"tag-latest-news","15":"tag-latestnews","16":"tag-main-news","17":"tag-mainnews","18":"tag-mundo","19":"tag-news","20":"tag-noticias","21":"tag-noticias-principais","22":"tag-noticiasprincipais","23":"tag-principais-noticias","24":"tag-principaisnoticias","25":"tag-sancoes-contra-a-russia","26":"tag-top-stories","27":"tag-topstories","28":"tag-ultimas","29":"tag-ultimas-noticias","30":"tag-ultimasnoticias","31":"tag-uniao-europeia","32":"tag-world","33":"tag-world-news","34":"tag-worldnews"},"share_on_mastodon":{"url":"","error":""},"_links":{"self":[{"href":"https:\/\/www.europesays.com\/pt\/wp-json\/wp\/v2\/posts\/78580","targetHints":{"allow":["GET"]}}],"collection":[{"href":"https:\/\/www.europesays.com\/pt\/wp-json\/wp\/v2\/posts"}],"about":[{"href":"https:\/\/www.europesays.com\/pt\/wp-json\/wp\/v2\/types\/post"}],"author":[{"embeddable":true,"href":"https:\/\/www.europesays.com\/pt\/wp-json\/wp\/v2\/users\/2"}],"replies":[{"embeddable":true,"href":"https:\/\/www.europesays.com\/pt\/wp-json\/wp\/v2\/comments?post=78580"}],"version-history":[{"count":0,"href":"https:\/\/www.europesays.com\/pt\/wp-json\/wp\/v2\/posts\/78580\/revisions"}],"wp:featuredmedia":[{"embeddable":true,"href":"https:\/\/www.europesays.com\/pt\/wp-json\/wp\/v2\/media\/78581"}],"wp:attachment":[{"href":"https:\/\/www.europesays.com\/pt\/wp-json\/wp\/v2\/media?parent=78580"}],"wp:term":[{"taxonomy":"category","embeddable":true,"href":"https:\/\/www.europesays.com\/pt\/wp-json\/wp\/v2\/categories?post=78580"},{"taxonomy":"post_tag","embeddable":true,"href":"https:\/\/www.europesays.com\/pt\/wp-json\/wp\/v2\/tags?post=78580"}],"curies":[{"name":"wp","href":"https:\/\/api.w.org\/{rel}","templated":true}]}}