{"id":78590,"date":"2025-09-19T21:28:09","date_gmt":"2025-09-19T21:28:09","guid":{"rendered":"https:\/\/www.europesays.com\/pt\/78590\/"},"modified":"2025-09-19T21:28:09","modified_gmt":"2025-09-19T21:28:09","slug":"sabado-tem-vacina-na-feira-do-setor-o-administracao-do-paranoa-e-shopping-da-asa-norte","status":"publish","type":"post","link":"https:\/\/www.europesays.com\/pt\/78590\/","title":{"rendered":"S\u00e1bado tem vacina na feira do Setor O, administra\u00e7\u00e3o do Parano\u00e1 e shopping da Asa Norte"},"content":{"rendered":"<p style=\"text-align: justify;\">\n       Quem precisar atualizar a caderneta de vacina\u00e7\u00e3o ter\u00e1 a oportunidade de ser atendido neste s\u00e1bado (20). A Secretaria de Sa\u00fade do Distrito Federal (SES-DF) ter\u00e1 equipes de imuniza\u00e7\u00e3o na feira do Setor O (Ceil\u00e2ndia), na Administra\u00e7\u00e3o Regional do Parano\u00e1 e no Boulevard Shopping da Asa Norte. A vacina\u00e7\u00e3o no shopping ocorrer\u00e1 das 10h \u00e0s 17h, no segundo piso, na portaria 1.<br \/>\u00a0<\/p>\n<p>        <img loading=\"lazy\" decoding=\"async\" alt=\"\" height=\"512\" src=\"https:\/\/www.europesays.com\/pt\/wp-content\/uploads\/2025\/09\/944e75d8-4862-9d55-4ac6-307373085181\" style=\"margin: 0px;\" width=\"768\"\/> <\/p>\n<p>         A caderneta de vacina\u00e7\u00e3o \u00e9 fundamental para verificar a situa\u00e7\u00e3o de cada pessoa. Por\u00e9m, caso o documento tenha sido extraviado, isso n\u00e3o impede a vacina\u00e7\u00e3o. Foto: Jhonatan Cantarelle\/Ag\u00eancia Sa\u00fade DF<\/p>\n<p style=\"text-align: justify;\">Tamb\u00e9m haver\u00e1 a\u00e7\u00f5es no Instituto Solid\u00e1rio (Ceil\u00e2ndia) e na Escola Classe do N\u00facleo Rural Aguilhada, al\u00e9m de 47 Unidades B\u00e1sicas de Sa\u00fade. Confira a\u00a0<a href=\"https:\/\/www.saude.df.gov.br\/locaisdevacinacao\" rel=\"noopener nofollow\" target=\"_blank\">lista completa com endere\u00e7os e hor\u00e1rios<\/a>. Vale ressaltar que os locais atendem a todas as pessoas, independentemente da Regi\u00e3o Administrativa (RA) de resid\u00eancia.<\/p>\n<p>Em todos os locais, as vacinas ser\u00e3o aplicadas conforme o <a href=\"https:\/\/www.saude.df.gov.br\/documents\/37101\/0\/Calend%C3%A1rio+de+Vacina%C3%A7%C3%A3o+de+Rotina+2024+DF+%282%29.pdf\/9c85f403-04da-509e-c3cf-09568405c1db?t=1714497775108\" rel=\"noopener nofollow\" target=\"_blank\">Calend\u00e1rio de Vacina\u00e7\u00e3o<\/a>, respeitando cada faixa et\u00e1ria. \u00c9 importante levar documento de identifica\u00e7\u00e3o e a caderneta, a fim de ser verificada a situa\u00e7\u00e3o de cada pessoa. Se o documento tiver sido extraviado, ainda assim ser\u00e1 poss\u00edvel se vacinar.\u00a0<\/p>\n<p>N\u00e3o haver\u00e1 vacina\u00e7\u00e3o no domingo (21). Na segunda-feira (22), as mais de cem salas de vacina da SES-DF reabrem com atendimento normal.<\/p>\n","protected":false},"excerpt":{"rendered":"Quem precisar atualizar a caderneta de vacina\u00e7\u00e3o ter\u00e1 a oportunidade de ser atendido neste s\u00e1bado (20). A Secretaria&hellip;\n","protected":false},"author":2,"featured_media":78591,"comment_status":"","ping_status":"","sticky":false,"template":"","format":"standard","meta":{"footnotes":""},"categories":[86],"tags":[3980,1661,116,1133,32,33,117],"class_list":{"0":"post-78590","1":"post","2":"type-post","3":"status-publish","4":"format-standard","5":"has-post-thumbnail","7":"category-saude","8":"tag-3980","9":"tag-destaque","10":"tag-health","11":"tag-noticia","12":"tag-portugal","13":"tag-pt","14":"tag-saude"},"share_on_mastodon":{"url":"","error":""},"_links":{"self":[{"href":"https:\/\/www.europesays.com\/pt\/wp-json\/wp\/v2\/posts\/78590","targetHints":{"allow":["GET"]}}],"collection":[{"href":"https:\/\/www.europesays.com\/pt\/wp-json\/wp\/v2\/posts"}],"about":[{"href":"https:\/\/www.europesays.com\/pt\/wp-json\/wp\/v2\/types\/post"}],"author":[{"embeddable":true,"href":"https:\/\/www.europesays.com\/pt\/wp-json\/wp\/v2\/users\/2"}],"replies":[{"embeddable":true,"href":"https:\/\/www.europesays.com\/pt\/wp-json\/wp\/v2\/comments?post=78590"}],"version-history":[{"count":0,"href":"https:\/\/www.europesays.com\/pt\/wp-json\/wp\/v2\/posts\/78590\/revisions"}],"wp:featuredmedia":[{"embeddable":true,"href":"https:\/\/www.europesays.com\/pt\/wp-json\/wp\/v2\/media\/78591"}],"wp:attachment":[{"href":"https:\/\/www.europesays.com\/pt\/wp-json\/wp\/v2\/media?parent=78590"}],"wp:term":[{"taxonomy":"category","embeddable":true,"href":"https:\/\/www.europesays.com\/pt\/wp-json\/wp\/v2\/categories?post=78590"},{"taxonomy":"post_tag","embeddable":true,"href":"https:\/\/www.europesays.com\/pt\/wp-json\/wp\/v2\/tags?post=78590"}],"curies":[{"name":"wp","href":"https:\/\/api.w.org\/{rel}","templated":true}]}}