{"id":78750,"date":"2025-09-20T00:39:05","date_gmt":"2025-09-20T00:39:05","guid":{"rendered":"https:\/\/www.europesays.com\/pt\/78750\/"},"modified":"2025-09-20T00:39:05","modified_gmt":"2025-09-20T00:39:05","slug":"zangada-e-desiludida-kamala-harris-revela-momentos-de-tensao-com-biden","status":"publish","type":"post","link":"https:\/\/www.europesays.com\/pt\/78750\/","title":{"rendered":"&#8220;Zangada e desiludida&#8221;. Kamala Harris revela momentos de tens\u00e3o com Biden"},"content":{"rendered":"<p>A ex-vice-presidente dos Estados Unidos e opositora de Donald Trump nas \u00faltimas elei\u00e7\u00f5es norte-americanas, Kamala Harris, confessa momentos em que ficou \u201czangada e desiludida\u201d com o ent\u00e3o presidente Joe Biden.<\/p>\n<p>No livro de mem\u00f3rias \u2018107 \u00a0Dias\u2019, que chega \u00e0s bancas norte-americanas na pr\u00f3xima semana, mas ao qual o <a href=\"https:\/\/www.theguardian.com\/us-news\/2025\/sep\/19\/angry-and-disappointed-kamala-harris-critical-of-joe-biden-in-new-book\" target=\"_blank\" rel=\"noopener nofollow\">The Guardian j\u00e1 teve acesso,<\/a> a democrata revela que horas antes do seu debate com Donald Trump,\u00a0 Joe Biden ligou-lhe.<\/p>\n<p>Harris conta que em setembro, enquanto ainda estava no hotel em Filad\u00e9lfia, recebeu uma chamada do presidente a question\u00e1-la se ainda regressaria ao estado antes do dia da elei\u00e7\u00e3o.<\/p>\n<p>A candidata confessa que ficou confusa com a quest\u00e3o, mas que Biden acabou por revelar a verdadeira raz\u00e3o de estar a ligar.<\/p>\n<p>\u201cO meu irm\u00e3o ligou. Ele tem estado a conversar com um grupo de pessoas influentes em Filad\u00e9lfia\u201d, revela o ent\u00e3o presidente, que ter\u00e1 depois perguntado a Harris se conhecia alguma dessas pessoas, ao que a democrata respondeu negativamente.<\/p>\n<p>Nas frases que se seguem, Harris escreve que o irm\u00e3o de Biden lhe tinha dito que estas mesmas pessoas n\u00e3o a iam apoiar porque, alegadamente, a candidata tinha falado mal do presidente.<\/p>\n<p>\u201cEle n\u00e3o estava inclinado a acreditar nisto, ou pelo menos foi o que ele disse, mas disse-me que achava que eu deveria saber, caso a minha equipa estivesse a encorajar-me a criar dist\u00e2ncia entre n\u00f3s os dois\u201d, acrescenta.<\/p>\n<p>A ent\u00e3o vice-presidente ter\u00e1 pedido a Biden que a colocasse em contato direto com o grupo, mas o presidente rapidamente mudou o tema.<\/p>\n<p>&#8220;N\u00e3o consegui perceber o porqu\u00ea de ele me estar a ligar&#8221;<\/p>\n<p>Harris afirma que Biden tentou \u201creescrever a hist\u00f3ria\u201d do seu pr\u00f3prio debate com Donald Trump, tr\u00eas meses antes, cujo resultado foi considerado desastroso por muitos.<\/p>\n<p>\u201cJoe come\u00e7ou a tagarelar sobre os seus pr\u00f3prios desempenhos em debates anteriores: \u2018Eu venci-o na anterior; n\u00e3o me sentia bem da \u00faltima vez.\u2019 Ele continuou a insistir que o seu desempenho no debate n\u00e3o o tinha prejudicado muito junto do eleitorado. Eu mal estava a ouvir\u201d, conta.<\/p>\n<p>\u201cEu simplesmente n\u00e3o conseguia entender o porqu\u00ea de ele me estar a ligar, naquele momento, e a fazer com que tudo girasse em torno dele. Distraindo-me com preocupa\u00e7\u00f5es sobre pessoas influentes na maior cidade do estado mais importante, que n\u00e3o me iam apoiar.\u201d<\/p>\n<p>Ap\u00f3s a chamada, foi o marido, Doug Emhoff, que tentou acalmar Harris e tentar com que o foco da candidata regressasse ao que era importante naquele momento: o debate com Donald Trump.<\/p>\n<p>\u201cEle conseguia ver o qu\u00e3o zangada e desiludida eu estava. \u2018N\u00e3o te preocupes com ele. Est\u00e1s a lidar com o Trump agora\u2019, disse-me.\u201d<\/p>\n<p>Joe e Jill Biden ter\u00e3o questionado a lealdade de Harris<\/p>\n<p>O incidente n\u00e3o surge isolado: s\u00e3o v\u00e1rios os momentos em que Harris se mostra cr\u00edtica de um presidente que, durante a campanha, defendeu acerrimamente, rejeitando sempre ideias de que Biden n\u00e3o estava apto para o cargo que ocupava.<\/p>\n<p>Harris relata ainda uma reuni\u00e3o no 4 de junho, numa altura em que as cr\u00edticas ao presidente e os pedidos para que se demitisse estavam no seu auge, logo ap\u00f3s o debate com Trump.<\/p>\n<p>A democrata conta que o seu marido esteve durante uns momentos com a, ent\u00e3o, primeira-dama Jill Biden, e que ela regressou \u201ctensa, at\u00e9 zangada\u201d.<\/p>\n<p>Harris perguntou de imediato o que se passava ao que Jill perguntou: \u201cVais-nos apoiar?\u201d. O marido da vice-presidente respondeu \u201cclaro que sim\u201d e a primeira-dama disse apenas que isso era \u201cmuito importante\u201d.<\/p>\n<p>A democrata conta que o marido, que dificilmente se zanga, ficou com uma express\u00e3o grave e que, mais tarde, acabou por desabafar.<\/p>\n<p>\u201cEles escondem-te durante quatro anos, d\u00e3o-te trabalhos de merda, imposs\u00edveis, nunca corrigem quando esses mesmos trabalhos s\u00e3o mal interpretados, nunca te defendem quando te atacam, nunca te elogiam, e agora querem que estejas ali naquela varanda ao lado deles. Agora, finalmente, sabem que tu \u00e9s um trunfo e precisam de ti para tranquilizar o povo americano. E ainda assim t\u00eam de perguntar se somos leais?\u201d<\/p>\n<p>Harris confessa que ao longo dos quatro anos do mandato de Biden sentiu frustra\u00e7\u00f5es semelhantes, e recorda um incidente em que foi castigada pela equipa do presidente por fazer um discurso demasiado bom. \u201cEles pensavam: \u2018Se ela est\u00e1 a brilhar, ele fica ofuscado\u2019.\u201d<\/p>\n<p>Harris recusou responder a provoca\u00e7\u00f5es de Trump<\/p>\n<p>Ap\u00f3s Joe Biden desistir da corrida \u00e0 Casa Branca e apoiar a candidatura de Kamala Harris, a democrata confessa que a sua equipa de campanha a aconselhou a distanciar-se do presidente, afirmando que \u201ctoda a gente odeia o Joe Biden\u201d.<\/p>\n<p>Harris recorda ainda que, no final de julho, Donald Trump questionou a etnia da democrata, acusando-a de dizer que era negra para proveito pr\u00f3prio, quando a m\u00e3e era indiana e o pai jamaicano.<\/p>\n<p>A equipa de Harris, na altura, considerou diversas formas de esclarecer as acusa\u00e7\u00f5es de Trump, que se tornaram virais, mas a democrata ter\u00e1 recusado.<\/p>\n<p>\u201cHoje ele quer que eu prove a minha etnia &#8211; e a seguir? Vai dizer que eu n\u00e3o sou uma mulher e que preciso de mostrar a minha vagina?\u201d<\/p>\n<p>O livro de Kamala Harris, que aborda os 107 dias que teve para fazer campanha eleitoral contra Donald Trump, relata ainda receios e d\u00favidas que teve relativamente ao presidente Joe Biden e onde a democrata admite que, em certas ocasi\u00f5es, ele ficou aqu\u00e9m do que era necess\u00e1rio.<\/p>\n<p>Leia Tamb\u00e9m: <a href=\"https:\/\/www.noticiasaominuto.com\/mundo\/2856424\/trump-anuncia-encontro-com-xi-em-outubro-na-coreia-do-sul-e-ida-a-china\" target=\"_blank\" rel=\"noopener noreferrer nofollow\">Trump anuncia encontro com Xi em outubro na Coreia do Sul e ida \u00e0 China<\/a><\/p>\n","protected":false},"excerpt":{"rendered":"A ex-vice-presidente dos Estados Unidos e opositora de Donald Trump nas \u00faltimas elei\u00e7\u00f5es norte-americanas, Kamala Harris, confessa momentos&hellip;\n","protected":false},"author":2,"featured_media":78751,"comment_status":"","ping_status":"","sticky":false,"template":"","format":"standard","meta":{"footnotes":""},"categories":[50],"tags":[27,28,15,16,14,25,26,21,22,62,12,13,19,20,23,24,17,18,29,30,31,63,64,65],"class_list":{"0":"post-78750","1":"post","2":"type-post","3":"status-publish","4":"format-standard","5":"has-post-thumbnail","7":"category-mundo","8":"tag-breaking-news","9":"tag-breakingnews","10":"tag-featured-news","11":"tag-featurednews","12":"tag-headlines","13":"tag-latest-news","14":"tag-latestnews","15":"tag-main-news","16":"tag-mainnews","17":"tag-mundo","18":"tag-news","19":"tag-noticias","20":"tag-noticias-principais","21":"tag-noticiasprincipais","22":"tag-principais-noticias","23":"tag-principaisnoticias","24":"tag-top-stories","25":"tag-topstories","26":"tag-ultimas","27":"tag-ultimas-noticias","28":"tag-ultimasnoticias","29":"tag-world","30":"tag-world-news","31":"tag-worldnews"},"share_on_mastodon":{"url":"","error":""},"_links":{"self":[{"href":"https:\/\/www.europesays.com\/pt\/wp-json\/wp\/v2\/posts\/78750","targetHints":{"allow":["GET"]}}],"collection":[{"href":"https:\/\/www.europesays.com\/pt\/wp-json\/wp\/v2\/posts"}],"about":[{"href":"https:\/\/www.europesays.com\/pt\/wp-json\/wp\/v2\/types\/post"}],"author":[{"embeddable":true,"href":"https:\/\/www.europesays.com\/pt\/wp-json\/wp\/v2\/users\/2"}],"replies":[{"embeddable":true,"href":"https:\/\/www.europesays.com\/pt\/wp-json\/wp\/v2\/comments?post=78750"}],"version-history":[{"count":0,"href":"https:\/\/www.europesays.com\/pt\/wp-json\/wp\/v2\/posts\/78750\/revisions"}],"wp:featuredmedia":[{"embeddable":true,"href":"https:\/\/www.europesays.com\/pt\/wp-json\/wp\/v2\/media\/78751"}],"wp:attachment":[{"href":"https:\/\/www.europesays.com\/pt\/wp-json\/wp\/v2\/media?parent=78750"}],"wp:term":[{"taxonomy":"category","embeddable":true,"href":"https:\/\/www.europesays.com\/pt\/wp-json\/wp\/v2\/categories?post=78750"},{"taxonomy":"post_tag","embeddable":true,"href":"https:\/\/www.europesays.com\/pt\/wp-json\/wp\/v2\/tags?post=78750"}],"curies":[{"name":"wp","href":"https:\/\/api.w.org\/{rel}","templated":true}]}}