{"id":78821,"date":"2025-09-20T02:26:11","date_gmt":"2025-09-20T02:26:11","guid":{"rendered":"https:\/\/www.europesays.com\/pt\/78821\/"},"modified":"2025-09-20T02:26:11","modified_gmt":"2025-09-20T02:26:11","slug":"jessica-vieira-fala-da-ex-de-afonso-leitao-e-adriano-silva-martins-provoca-voces-tem-pontos-em-comum-secret-story","status":"publish","type":"post","link":"https:\/\/www.europesays.com\/pt\/78821\/","title":{"rendered":"J\u00e9ssica Vieira fala da &#8216;ex&#8217; de Afonso Leit\u00e3o e Adriano Silva Martins provoca: \u00abVoc\u00eas t\u00eam pontos em comum\u00bb &#8211; Secret Story"},"content":{"rendered":"<p>No \u00daltima Hora do Secret Story 9, J\u00e9ssica Vieira criticou a postura de Joana, tamb\u00e9m ela &#8216;ex&#8217; de Afonso Leit\u00e3o, relativamente \u00e0 forma como tem agido com Ana Cristina. Posteriormente, J\u00e9ssica considerou ainda que Joana tem mais para dar. Veja tudo.<\/p>\n<p>Na primeira semana do Secret Story &#8211; Casa dos Segredos 9, h\u00e1 quatro concorrentes em risco de abandonar a casa.\u00a0<\/p>\n<p>Vote para SALVAR o seu favorito:<br \/>\u00a0<br \/>BRUNA \u2013 761 20 20 03<br \/>BRUNO MIGUEL \u2013 761 20 20 05<br \/>DYLAN \u2013 761 20 20 07<br \/>PEDRO \u2013 761 20 20 18<\/p>\n<p><a href=\"https:\/\/tvi.iol.pt\/secretstory\/aominuto\" rel=\"nofollow noopener\" target=\"_blank\">Acompanhe tudo o que se passa na casa do Secret Story ao minuto!<\/a><\/p>\n","protected":false},"excerpt":{"rendered":"No \u00daltima Hora do Secret Story 9, J\u00e9ssica Vieira criticou a postura de Joana, tamb\u00e9m ela &#8216;ex&#8217; de&hellip;\n","protected":false},"author":2,"featured_media":78822,"comment_status":"","ping_status":"","sticky":false,"template":"","format":"standard","meta":{"footnotes":""},"categories":[145],"tags":[2031,19230,211,210,19231,114,115,1417,19091,19229,32,33],"class_list":{"0":"post-78821","1":"post","2":"type-post","3":"status-publish","4":"format-standard","5":"has-post-thumbnail","7":"category-celebridades","8":"tag-afonso-leitao","9":"tag-analises-tvi","10":"tag-celebridades","11":"tag-celebrities","12":"tag-debates-casa-dos-segredos","13":"tag-entertainment","14":"tag-entretenimento","15":"tag-jessica-vieira","16":"tag-joana","17":"tag-opiniao-comentadores","18":"tag-portugal","19":"tag-pt"},"share_on_mastodon":{"url":"","error":""},"_links":{"self":[{"href":"https:\/\/www.europesays.com\/pt\/wp-json\/wp\/v2\/posts\/78821","targetHints":{"allow":["GET"]}}],"collection":[{"href":"https:\/\/www.europesays.com\/pt\/wp-json\/wp\/v2\/posts"}],"about":[{"href":"https:\/\/www.europesays.com\/pt\/wp-json\/wp\/v2\/types\/post"}],"author":[{"embeddable":true,"href":"https:\/\/www.europesays.com\/pt\/wp-json\/wp\/v2\/users\/2"}],"replies":[{"embeddable":true,"href":"https:\/\/www.europesays.com\/pt\/wp-json\/wp\/v2\/comments?post=78821"}],"version-history":[{"count":0,"href":"https:\/\/www.europesays.com\/pt\/wp-json\/wp\/v2\/posts\/78821\/revisions"}],"wp:featuredmedia":[{"embeddable":true,"href":"https:\/\/www.europesays.com\/pt\/wp-json\/wp\/v2\/media\/78822"}],"wp:attachment":[{"href":"https:\/\/www.europesays.com\/pt\/wp-json\/wp\/v2\/media?parent=78821"}],"wp:term":[{"taxonomy":"category","embeddable":true,"href":"https:\/\/www.europesays.com\/pt\/wp-json\/wp\/v2\/categories?post=78821"},{"taxonomy":"post_tag","embeddable":true,"href":"https:\/\/www.europesays.com\/pt\/wp-json\/wp\/v2\/tags?post=78821"}],"curies":[{"name":"wp","href":"https:\/\/api.w.org\/{rel}","templated":true}]}}