{"id":78881,"date":"2025-09-20T03:55:15","date_gmt":"2025-09-20T03:55:15","guid":{"rendered":"https:\/\/www.europesays.com\/pt\/78881\/"},"modified":"2025-09-20T03:55:15","modified_gmt":"2025-09-20T03:55:15","slug":"5-filmes-que-entraram-no-catalogo-da-netflix-recentemente","status":"publish","type":"post","link":"https:\/\/www.europesays.com\/pt\/78881\/","title":{"rendered":"5 filmes que entraram no cat\u00e1logo da Netflix recentemente"},"content":{"rendered":"<p><img width=\"610\" height=\"350\" src=\"https:\/\/www.europesays.com\/pt\/wp-content\/uploads\/2025\/09\/IMG_4522-610x350.webp.webp\" class=\"attachment-post-thumbnail size-post-thumbnail wp-post-image\" alt=\"5 filmes que entraram no cat\u00e1logo da Netflix e voc\u00ea nem percebeu\" title=\"5 filmes que entraram no cat\u00e1logo da Netflix e voc\u00ea nem percebeu\" data-no-lazy=\"1\" decoding=\"async\" fetchpriority=\"high\"\/><br \/>\n<strong>Liam Daniel \/  Universal Pictures<\/strong><\/p>\n<p>Apesar de serem prioridade do algoritmo, as estreias nem sempre chegam marcando presen\u00e7a nos streamings. Alguns filmes passam despercebidos e a din\u00e2mica do cat\u00e1logo \u00e9 um dos respons\u00e1veis por isso, j\u00e1 que as renova\u00e7\u00f5es s\u00e3o constantes. Muitos t\u00edtulos que mereciam aten\u00e7\u00e3o redobrada acabam ofuscado. A Revista Bula selecionou cinco filmes na <a href=\"https:\/\/www.revistabula.com\/112825-os-7-melhores-filmes-europeus-da-netflix\/\" target=\"_blank\" rel=\"noreferrer noopener nofollow\">Netflix<\/a> que desembarcaram recentemente no servi\u00e7o e que carregam narrativas densas, visuais impressionantes e personagens memor\u00e1veis.<\/p>\n<p>Estamos falando de hist\u00f3rias de resist\u00eancia cultural, dramas hist\u00f3ricos e thrillers que exploram traumas individuais e coletivos, relatos intensos de guerras, perdas e renascimentos. Filmes que questionam identidades, poderes e rela\u00e7\u00f5es humanas, sempre em cen\u00e1rios que expandem a percep\u00e7\u00e3o do espectador. Ver um desses filmes \u00e9 mais que um passatempo. Eles misturam entretenimento com subst\u00e2ncia e v\u00e3o al\u00e9m do \u00f3bvio.<\/p>\n<p>Essa lista \u00e9 um convite para descobrir t\u00edtulos que podem ter passado despercebidos, mas que guarda experi\u00eancias cinematogr\u00e1ficas que inquietam e ficam guardadas na mente.<\/p>\n<p><strong>Doutor Sono (2019), Mike Flanagan<\/strong><\/p>\n<p><img loading=\"lazy\" decoding=\"async\" width=\"610\" height=\"407\" class=\"alignnone size-full\" src=\"https:\/\/www.europesays.com\/pt\/wp-content\/uploads\/2025\/09\/Doutor-Sono-610x407.webp.webp\" alt=\"\"\/><strong class=\"attribution\">Divulga\u00e7\u00e3o \/ Warner Bros.<\/strong><\/p>\n<p class=\"callout-body\">Um homem marcado por traumas do passado tenta reconstruir sua vida longe dos fantasmas que o assombram. Por\u00e9m, ao cruzar com uma jovem dotada de habilidades semelhantes \u00e0s suas, ele se v\u00ea obrigado a confrontar novamente o lado mais sombrio de sua mente e uma seita que ca\u00e7a aqueles como ela. A luta deixa de ser apenas contra inimigos externos: \u00e9 tamb\u00e9m contra os pr\u00f3prios dem\u00f4nios internos que insistem em persegui-lo.<\/p>\n<p><strong>Duas Rainhas (2018), Josie Rourke<\/strong><\/p>\n<p><img loading=\"lazy\" decoding=\"async\" width=\"610\" height=\"406\" class=\"alignnone size-full\" src=\"https:\/\/www.europesays.com\/pt\/wp-content\/uploads\/2025\/09\/IMG_4520-610x406.webp.webp\" alt=\"\"\/><strong class=\"attribution\">Liam Daniel \/ Universal Pictures<\/strong><\/p>\n<p class=\"callout-body\">A jovem rainha da Esc\u00f3cia retorna ao trono e desafia a soberania de sua prima, que governa a Inglaterra. Entre alian\u00e7as fr\u00e1geis e conspira\u00e7\u00f5es mortais, a disputa se transforma em um jogo de poder onde religi\u00e3o, pol\u00edtica e identidade nacional se misturam. O embate entre as duas mulheres revela n\u00e3o apenas a luta por territ\u00f3rios, mas tamb\u00e9m as press\u00f5es impostas a soberanas em um mundo dominado por homens.<\/p>\n<p><strong>Infiltrado na Klan (2018), Spike Lee<\/strong><\/p>\n<p><img loading=\"lazy\" decoding=\"async\" width=\"610\" height=\"407\" class=\"alignnone size-full\" src=\"https:\/\/www.europesays.com\/pt\/wp-content\/uploads\/2025\/09\/IMG_4510-610x407.webp.webp\" alt=\"\"\/><strong class=\"attribution\">Divulga\u00e7\u00e3o \/ Focus Features<\/strong><\/p>\n<p class=\"callout-body\">Um policial negro se infiltra em uma organiza\u00e7\u00e3o racista, contando com a ajuda de um colega branco que assume sua identidade nas reuni\u00f5es presenciais. A investiga\u00e7\u00e3o, cheia de tens\u00e3o e ironia, exp\u00f5e o funcionamento interno do grupo extremista e suas conex\u00f5es perigosas com figuras p\u00fablicas. Ao mesmo tempo, revela os dilemas pessoais dos agentes que arriscam tudo para desmascarar o \u00f3dio enraizado no cora\u00e7\u00e3o da sociedade.<\/p>\n<p><strong>Cold Mountain (2003), Anthony Minghella<\/strong><\/p>\n<p><img loading=\"lazy\" decoding=\"async\" width=\"610\" height=\"407\" class=\"alignnone size-full\" src=\"https:\/\/www.europesays.com\/pt\/wp-content\/uploads\/2025\/09\/IMG_4515-610x407.webp.webp\" alt=\"\"\/><strong class=\"attribution\">Divulga\u00e7\u00e3o \/ Miramax<\/strong><\/p>\n<p class=\"callout-body\">Um soldado sulista decide desertar da Guerra Civil americana para reencontrar a mulher que ama. Em sua jornada, enfrenta fome, persegui\u00e7\u00f5es e encontros com personagens que refletem a brutalidade do conflito. Enquanto isso, sua amada, sozinha em uma fazenda devastada, luta pela sobreviv\u00eancia em meio \u00e0 viol\u00eancia e ao isolamento. O caminho de ambos se torna uma busca desesperada por humanidade em um mundo em ru\u00ednas.<\/p>\n<p><strong>Geronimo (1993), Walter Hill<\/strong><\/p>\n<p><img loading=\"lazy\" decoding=\"async\" width=\"610\" height=\"407\" class=\"alignnone size-full\" src=\"https:\/\/www.europesays.com\/pt\/wp-content\/uploads\/2025\/09\/Geronimo-610x407.webp.webp\" alt=\"\"\/><strong class=\"attribution\"\/><\/p>\n<p class=\"callout-body\">Um guerreiro apache recusa-se a submeter-se ao ex\u00e9rcito norte-americano e, com um pequeno grupo de fi\u00e9is seguidores, resiste bravamente \u00e0 opress\u00e3o. Enquanto oficiais do ex\u00e9rcito buscam negociar ou elimin\u00e1-lo, sua figura se torna s\u00edmbolo de resist\u00eancia e liberdade. O conflito entre culturas, marcado por trai\u00e7\u00f5es e emboscadas, mostra um homem transformado em lenda, movido pela determina\u00e7\u00e3o de preservar seu povo diante da inevit\u00e1vel expans\u00e3o do colonizador.<\/p>\n<p><img loading=\"lazy\" decoding=\"async\" src=\"https:\/\/www.europesays.com\/pt\/wp-content\/uploads\/2025\/09\/fer-kalaoun-1.jpg\" width=\"300\" height=\"300\" alt=\"Fer Kalaoun\" class=\"avatar avatar-300 wp-user-avatar wp-user-avatar-300 alignnone photo\"\/><br \/>\nFer Kalaoun<\/p>\n<p>Fer Kalaoun \u00e9 editora na Revista Bula e rep\u00f3rter especializada em jornalismo cultural, audiovisual e pol\u00edtico desde 2014. Estudante de Hist\u00f3ria no Instituto Federal de Goi\u00e1s (IFG), traz uma perspectiva cr\u00edtica e contextualizada aos seus textos. J\u00e1 passou por grandes ve\u00edculos de comunica\u00e7\u00e3o de Goi\u00e1s, incluindo R\u00e1dio CBN, Jornal O Popular, Jornal Op\u00e7\u00e3o e R\u00e1dio Sagres, onde apresentou o quadro Cinemateca\u00a0Sagres.<\/p>\n","protected":false},"excerpt":{"rendered":"Liam Daniel \/ Universal Pictures Apesar de serem prioridade do algoritmo, as estreias nem sempre chegam marcando presen\u00e7a&hellip;\n","protected":false},"author":2,"featured_media":78882,"comment_status":"","ping_status":"","sticky":false,"template":"","format":"standard","meta":{"footnotes":""},"categories":[140],"tags":[114,115,147,148,146,716,32,33],"class_list":{"0":"post-78881","1":"post","2":"type-post","3":"status-publish","4":"format-standard","5":"has-post-thumbnail","7":"category-filmes","8":"tag-entertainment","9":"tag-entretenimento","10":"tag-film","11":"tag-filmes","12":"tag-movies","13":"tag-netflix","14":"tag-portugal","15":"tag-pt"},"share_on_mastodon":{"url":"","error":""},"_links":{"self":[{"href":"https:\/\/www.europesays.com\/pt\/wp-json\/wp\/v2\/posts\/78881","targetHints":{"allow":["GET"]}}],"collection":[{"href":"https:\/\/www.europesays.com\/pt\/wp-json\/wp\/v2\/posts"}],"about":[{"href":"https:\/\/www.europesays.com\/pt\/wp-json\/wp\/v2\/types\/post"}],"author":[{"embeddable":true,"href":"https:\/\/www.europesays.com\/pt\/wp-json\/wp\/v2\/users\/2"}],"replies":[{"embeddable":true,"href":"https:\/\/www.europesays.com\/pt\/wp-json\/wp\/v2\/comments?post=78881"}],"version-history":[{"count":0,"href":"https:\/\/www.europesays.com\/pt\/wp-json\/wp\/v2\/posts\/78881\/revisions"}],"wp:featuredmedia":[{"embeddable":true,"href":"https:\/\/www.europesays.com\/pt\/wp-json\/wp\/v2\/media\/78882"}],"wp:attachment":[{"href":"https:\/\/www.europesays.com\/pt\/wp-json\/wp\/v2\/media?parent=78881"}],"wp:term":[{"taxonomy":"category","embeddable":true,"href":"https:\/\/www.europesays.com\/pt\/wp-json\/wp\/v2\/categories?post=78881"},{"taxonomy":"post_tag","embeddable":true,"href":"https:\/\/www.europesays.com\/pt\/wp-json\/wp\/v2\/tags?post=78881"}],"curies":[{"name":"wp","href":"https:\/\/api.w.org\/{rel}","templated":true}]}}