{"id":78901,"date":"2025-09-20T04:22:14","date_gmt":"2025-09-20T04:22:14","guid":{"rendered":"https:\/\/www.europesays.com\/pt\/78901\/"},"modified":"2025-09-20T04:22:14","modified_gmt":"2025-09-20T04:22:14","slug":"longhini-registra-encontro-de-referencias-catarinenses-na-efapi-radio-rural","status":"publish","type":"post","link":"https:\/\/www.europesays.com\/pt\/78901\/","title":{"rendered":"Longhini registra encontro de refer\u00eancias catarinenses na Efapi &#8211; R\u00e1dio Rural"},"content":{"rendered":"<ol>\n<li><a href=\"https:\/\/news.google.com\/rss\/articles\/CBMivAFBVV95cUxOQm95SVA4MGFUR080SDZjb3B1cG5DNkh3MzJnUnoxQXY3YnFVSExYb1AtM3JUcU5Jd1c0UWM3eU9hSnZ6OGpzNWNValBMQWlZS21DcFVaV3JLRVJhRVk0cmtod2d2bGZwQkl5WlNveDFfTm1zSGwzQjFJY0NnNGlwaTFLSE0zNTVMblpOLVZZZzc2ZXY1a2hNVVJ1UTV1R0RaWE5tczFtMjlBYWFURE5uYkpnVmp4dHVUdUl4ZA?oc=5\" target=\"_blank\" rel=\"nofollow noopener\">Longhini registra encontro de refer\u00eancias catarinenses na Efapi<\/a>&nbsp;&nbsp;R\u00e1dio Rural<\/li>\n<li><a href=\"https:\/\/news.google.com\/rss\/articles\/CBMiugFBVV95cUxNV0d3LW5WMXQtbzFZVTFrM0J0R2ZVdEJqMEJ5NmI0VzBqNDhaS0xBS2NRSzRlcEhrT1NfbFktY3N0bEVLY09TY1gyVjVPRU9JNHp2aVNpV2pURVRSa0tpcDVBSnJsYmRCNm8tQy0yOHQ1eWtqWGRMR1MtbzBxbExzTlFLelhUZTRxdFhObEk2REROUkZBVXExbmlJcWt4em9zdTAtTTl5MVp4MUl5dHhuYXEzcS1PS3NEWXc?oc=5\" target=\"_blank\" rel=\"nofollow noopener\">Efapi do Brasil tem noite marcante em Conc\u00f3rdia; fotos e v\u00eddeo!<\/a>&nbsp;&nbsp;R\u00e1dio Rural<\/li>\n<li><a href=\"https:\/\/news.google.com\/rss\/articles\/CBMi1AFBVV95cUxOSm1GY1lUX2pKcnRHMGhpQ2dTb2hoZUNwa3MteXNLQ0U0UHJNbGF2c0hPOUdPRHVtZVloRnVqNndXMTJIMmxqcWR2MVVLcUZLcmVTanptMjJJZG1KUmpKejVqRDdMLTVycnBtZWhrVkxzZ1lDeVZPR1hfYVNBb2F1eDhlNmdsNTZ1aTBsX3pfOXcxaHphRDVnUml3elBLRktBRmZaNzBpeHV3b3RSaGNOb0lXTUFxYmdhNzhaeVpLNjVMTEQ5Nm8zOGVnRlpKbjU0MGVDSdIBxAFBVV95cUxNcGlzMmZpWnA0S254WVIzYXFsUFF4R0xMd1BFOEUwVXRKVWZoTDY1NEN5WGVlR3g2THdrZEF5eEZORWl4a0pZRWNkRlVYc1NtNUdwLUxzQk5pV20zM3h5c0cyUktTQWNKUEt6RnJIdWl1ZUJwdjBNYk9QQ1NrUGx3bnhZOXozTm9rdURpTFFBVG1tdFdoeGFkejQtRnRQNnQ1NWZuMWJsSlBXTVpIaUYyQ3VtbXI1V1p0bWVFV2EtTnZIT1hh?oc=5\" target=\"_blank\" rel=\"nofollow noopener\">Prefeito de Chapec\u00f3 participa ao vivo da Massa FM Conc\u00f3rdia e fala sobre EFAPI Brasil e elei\u00e7\u00f5es 2026<\/a>&nbsp;&nbsp;Alian\u00e7a News<\/li>\n<li><a href=\"https:\/\/news.google.com\/rss\/articles\/CBMimwFBVV95cUxQV0gzMDE5emVVMlFVTWp2cmhsdHduMWszM0pHZ2E1SFc1THdQM2M0LTd0WGljbktXMXhNRmFiTTNnWnhoN2h4NjJvTFdOVnVLdTFUbFNYOWNKc1djdndmYWdxTzRaaXVrZjV6djlmQlZDSUJ6aU0tVVpZUDU5NXJQOTBjQmtBSTcwZS03cWZpbldlRzJ3MUJqQUt0MA?oc=5\" target=\"_blank\" rel=\"nofollow noopener\">EFAPI 2025: Caravana de divulga\u00e7\u00e3o chega a Conc\u00f3rdia com lan\u00e7amento<\/a>&nbsp;&nbsp;ND Mais<\/li>\n<li><a href=\"https:\/\/news.google.com\/rss\/articles\/CBMimwFBVV95cUxOR2MwMkhjVWJZbjVsdkZKSS05SFY4YjA4dHFxODlQNTQ5WTdyNGhCM2JxVThhaGJlMWZYem1EWlhYZ1dfSEIyMWZSY3VRLWNFTnMzSlVmSFJnZzdrWGd4QVUxazVlcnA3OXB2aWNwdkh2bHpGa0M4YzFDd2dqVE9HMk9YQnZpZWo0UTFkaWhaOWtFOUlDYXltWmRIOA?oc=5\" target=\"_blank\" rel=\"nofollow noopener\">Not\u00edcias | Not\u00edcias: cooperalfa-amplia-protagonismo-na-efapi-do-brasil<\/a>&nbsp;&nbsp;Jornal Bom Dia<\/li>\n<\/ol>\n","protected":false},"excerpt":{"rendered":"Longhini registra encontro de refer\u00eancias catarinenses na Efapi&nbsp;&nbsp;R\u00e1dio Rural Efapi do Brasil tem noite marcante em Conc\u00f3rdia; fotos&hellip;\n","protected":false},"author":2,"featured_media":78902,"comment_status":"","ping_status":"","sticky":false,"template":"","format":"standard","meta":{"footnotes":""},"categories":[141],"tags":[562,726,2733,2731,476,539,2258,114,115,1062,986,2732,149,150,1086,52,32,33,3551,117],"class_list":{"0":"post-78901","1":"post","2":"type-post","3":"status-publish","4":"format-standard","5":"has-post-thumbnail","7":"category-musica","8":"tag-agricultura","9":"tag-brasil","10":"tag-carnaval","11":"tag-dicas-do-dia","12":"tag-economia","13":"tag-educacao","14":"tag-eleicoes","15":"tag-entertainment","16":"tag-entretenimento","17":"tag-esportes","18":"tag-estado","19":"tag-geral","20":"tag-music","21":"tag-musica","22":"tag-policia","23":"tag-politica","24":"tag-portugal","25":"tag-pt","26":"tag-regiao","27":"tag-saude"},"share_on_mastodon":{"url":"","error":""},"_links":{"self":[{"href":"https:\/\/www.europesays.com\/pt\/wp-json\/wp\/v2\/posts\/78901","targetHints":{"allow":["GET"]}}],"collection":[{"href":"https:\/\/www.europesays.com\/pt\/wp-json\/wp\/v2\/posts"}],"about":[{"href":"https:\/\/www.europesays.com\/pt\/wp-json\/wp\/v2\/types\/post"}],"author":[{"embeddable":true,"href":"https:\/\/www.europesays.com\/pt\/wp-json\/wp\/v2\/users\/2"}],"replies":[{"embeddable":true,"href":"https:\/\/www.europesays.com\/pt\/wp-json\/wp\/v2\/comments?post=78901"}],"version-history":[{"count":0,"href":"https:\/\/www.europesays.com\/pt\/wp-json\/wp\/v2\/posts\/78901\/revisions"}],"wp:featuredmedia":[{"embeddable":true,"href":"https:\/\/www.europesays.com\/pt\/wp-json\/wp\/v2\/media\/78902"}],"wp:attachment":[{"href":"https:\/\/www.europesays.com\/pt\/wp-json\/wp\/v2\/media?parent=78901"}],"wp:term":[{"taxonomy":"category","embeddable":true,"href":"https:\/\/www.europesays.com\/pt\/wp-json\/wp\/v2\/categories?post=78901"},{"taxonomy":"post_tag","embeddable":true,"href":"https:\/\/www.europesays.com\/pt\/wp-json\/wp\/v2\/tags?post=78901"}],"curies":[{"name":"wp","href":"https:\/\/api.w.org\/{rel}","templated":true}]}}