{"id":78921,"date":"2025-09-20T04:59:15","date_gmt":"2025-09-20T04:59:15","guid":{"rendered":"https:\/\/www.europesays.com\/pt\/78921\/"},"modified":"2025-09-20T04:59:15","modified_gmt":"2025-09-20T04:59:15","slug":"fnam-critica-medida-inutil-para-almada","status":"publish","type":"post","link":"https:\/\/www.europesays.com\/pt\/78921\/","title":{"rendered":"Fnam Critica Medida In\u00fatil para Almada"},"content":{"rendered":"<p>A equipa de obstetr\u00edcia do Hospital do Barreiro vai ser mobilizada, por despacho, para garantir as escalas na urg\u00eancia do Hospital Garcia de Orta, em Almada, noticia esta sexta-feira o jornal Expresso.<\/p>\n<p>Segundo o Expresso, que cita fonte do gabinete da ministra da Sa\u00fade, Ana Paula Martins, a transfer\u00eancia for\u00e7ada dever\u00e1 ocorrer logo que o Governo avance com a concentra\u00e7\u00e3o das urg\u00eancias de obstetr\u00edcia na margem sul em Almada, tal como anunciou esta semana no parlamento.<\/p>\n<p>Na altura, Ana Paula Martins disse que para a concentra\u00e7\u00e3o da urg\u00eancia no Hospital Garcia de Orta, em Almada, com o apoio do Hospital de Set\u00fabal (a receber casos enviados pelo INEM e pelo SNS 24), seriam necess\u00e1rias sete equipas completas para o Hospital Garcia de Orta e tr\u00eas de presta\u00e7\u00e3o de servi\u00e7o.<\/p>\n<p>Contudo, os sindicatos, ouvidos pelo Expresso, defendem que tal s\u00f3 ser\u00e1 poss\u00edvel em regime de voluntariado ou relativamente aos m\u00e9dicos em dedica\u00e7\u00e3o plena, que s\u00e3o obrigados a garantir urg\u00eancias que distem at\u00e9 30 quil\u00f3metros do hospital a que pertencem.<\/p>\n<p>\u201cO despacho s\u00f3 depende da assinatura da ministra e n\u00e3o exige negocia\u00e7\u00e3o. Est\u00e1 j\u00e1 com os juristas\u201d, explicaram ao Expresso os assessores de Ana Paula Martins.<\/p>\n<p>Esta forma de transferir equipas j\u00e1 ocorreu no ver\u00e3o de 2023, no Hospital de Santa Maria, aquando do fecho da maternidade para obras e constru\u00e7\u00e3o da nova unidade. Na altura, Ana Paula Martins estava na administra\u00e7\u00e3o do Santa Maria.<\/p>\n<p>A mudan\u00e7a for\u00e7ada de profissionais &#8211; para o Hospital S\u00e3o Francisco Xavier &#8211; foi justificada com a superior prote\u00e7\u00e3o da sa\u00fade p\u00fablica, mas a situa\u00e7\u00e3o n\u00e3o correu bem e, na altura, sete obstetras decidiram rescindir com o Servi\u00e7o Nacional de Sa\u00fade.<\/p>\n<p>A jun\u00e7\u00e3o de profissionais na urg\u00eancia de S\u00e3o Francisco Xavier durou cerca de um m\u00eas.<\/p>\n<p>Em declara\u00e7\u00f5es ao Expresso, o ex-ministro da ministro da Sa\u00fade, Manuel Pizarro, chamou a aten\u00e7\u00e3o para as diferen\u00e7as para com a concentra\u00e7\u00e3o na margem sul: \u201cN\u00e3o foi f\u00e1cil e alguns m\u00e9dicos nunca chegaram a sair do Santa Maria. Mas havia um motivo de for\u00e7a maior, o fecho da maternidade para obras, e por isso a urg\u00eancia [estava impedida] de continuar a assegurar cuidados. E tinha um car\u00e1ter tempor\u00e1rio.\u201d<\/p>\n<p>Mas j\u00e1 antes, em maio de 2023, o anterior Governo conseguiu a partilha de escalas de urg\u00eancia em obstetr\u00edcia com elementos dos hospitais das Caldas e de Leiria, mas neste caso dispensou qualquer despacho pois a altera\u00e7\u00e3o ocorreu de forma volunt\u00e1ria.<\/p>\n","protected":false},"excerpt":{"rendered":"A equipa de obstetr\u00edcia do Hospital do Barreiro vai ser mobilizada, por despacho, para garantir as escalas na&hellip;\n","protected":false},"author":2,"featured_media":78922,"comment_status":"","ping_status":"","sticky":false,"template":"","format":"standard","meta":{"footnotes":""},"categories":[10],"tags":[27,28,15,16,7234,14,20357,20355,25,26,21,22,12,13,19,20,20356,32,23,24,33,117,17,18,29,30,31],"class_list":{"0":"post-78921","1":"post","2":"type-post","3":"status-publish","4":"format-standard","5":"has-post-thumbnail","7":"category-portugal","8":"tag-breaking-news","9":"tag-breakingnews","10":"tag-featured-news","11":"tag-featurednews","12":"tag-fnam","13":"tag-headlines","14":"tag-hospital-do-barreiro","15":"tag-hospital-garcia-de-orta","16":"tag-latest-news","17":"tag-latestnews","18":"tag-main-news","19":"tag-mainnews","20":"tag-news","21":"tag-noticias","22":"tag-noticias-principais","23":"tag-noticiasprincipais","24":"tag-obstetricia","25":"tag-portugal","26":"tag-principais-noticias","27":"tag-principaisnoticias","28":"tag-pt","29":"tag-saude","30":"tag-top-stories","31":"tag-topstories","32":"tag-ultimas","33":"tag-ultimas-noticias","34":"tag-ultimasnoticias"},"share_on_mastodon":{"url":"","error":""},"_links":{"self":[{"href":"https:\/\/www.europesays.com\/pt\/wp-json\/wp\/v2\/posts\/78921","targetHints":{"allow":["GET"]}}],"collection":[{"href":"https:\/\/www.europesays.com\/pt\/wp-json\/wp\/v2\/posts"}],"about":[{"href":"https:\/\/www.europesays.com\/pt\/wp-json\/wp\/v2\/types\/post"}],"author":[{"embeddable":true,"href":"https:\/\/www.europesays.com\/pt\/wp-json\/wp\/v2\/users\/2"}],"replies":[{"embeddable":true,"href":"https:\/\/www.europesays.com\/pt\/wp-json\/wp\/v2\/comments?post=78921"}],"version-history":[{"count":0,"href":"https:\/\/www.europesays.com\/pt\/wp-json\/wp\/v2\/posts\/78921\/revisions"}],"wp:featuredmedia":[{"embeddable":true,"href":"https:\/\/www.europesays.com\/pt\/wp-json\/wp\/v2\/media\/78922"}],"wp:attachment":[{"href":"https:\/\/www.europesays.com\/pt\/wp-json\/wp\/v2\/media?parent=78921"}],"wp:term":[{"taxonomy":"category","embeddable":true,"href":"https:\/\/www.europesays.com\/pt\/wp-json\/wp\/v2\/categories?post=78921"},{"taxonomy":"post_tag","embeddable":true,"href":"https:\/\/www.europesays.com\/pt\/wp-json\/wp\/v2\/tags?post=78921"}],"curies":[{"name":"wp","href":"https:\/\/api.w.org\/{rel}","templated":true}]}}