{"id":78923,"date":"2025-09-20T05:01:09","date_gmt":"2025-09-20T05:01:09","guid":{"rendered":"https:\/\/www.europesays.com\/pt\/78923\/"},"modified":"2025-09-20T05:01:09","modified_gmt":"2025-09-20T05:01:09","slug":"faustao-levara-filha-ao-altar-em-casamento-para-40-convidados","status":"publish","type":"post","link":"https:\/\/www.europesays.com\/pt\/78923\/","title":{"rendered":"Faust\u00e3o levar\u00e1 filha ao altar em casamento para 40 convidados"},"content":{"rendered":"\n<p class=\"autor\">Por Leonardo Volpato \/ Folhapress<\/p>\n<p>A cantora Lara, 26, filha de Fausto Silva, 75, vai se casar com o apresentador Julinho Casares, 28, em cerim\u00f4nia intimista neste s\u00e1bado (20). E ser\u00e1 Faust\u00e3o o respons\u00e1vel por lev\u00e1-la ao altar, montado em sua pr\u00f3pria casa, em S\u00e3o Paulo.<\/p>\n<p>Segundo Lara, o casamento ser\u00e1 simples e para apenas 40 convidados, entre familiares e amigos mais pr\u00f3ximos. Uma estrutura confort\u00e1vel foi montada para que o apresentador consiga ficar ao lado da filha. Vale lembrar que Faust\u00e3o recebeu alta h\u00e1 menos de um m\u00eas ap\u00f3s um transplante de rim e outro de f\u00edgado.<\/p>\n<p>&#8220;Ele vai estar presente. Com todos os cuidados, a gente optou por ser em casa porque para ele \u00e9 muito mais c\u00f4modo, o importante \u00e9 estarmos juntos. Para mim e a fam\u00edlia inteira \u00e9 um sonho ter esse momento especial e ele estar presente&#8221;, disse ao Gshow.<\/p>\n<p>Conforme a cantora, nunca foi um desejo fazer um casamento grandioso. &#8220;Queremos ter a mem\u00f3ria de um dia feliz, cheio de amor com as pessoas que amamos e nos acompanham. A vida s\u00f3 vale a pena por conta dos relacionamentos.&#8221;<\/p>\n<p>Ap\u00f3s o &#8220;sim&#8221; dos noivos, come\u00e7ar\u00e1 uma festa que contar\u00e1, segundo ela, com DJ e um trio de eletrofunk.<\/p>\n<p>&#8220;As pessoas n\u00e3o sabem muito o que esperar, s\u00f3 est\u00e3o indo comemorar com a gente, n\u00e3o vai ser um casamento tradicional. Vai ser uma cerim\u00f4nia, almo\u00e7o para fam\u00edlia e uma festinha para nossos melhores amigos. Estou muito animada&#8221;, completou.<\/p>\n","protected":false},"excerpt":{"rendered":"Por Leonardo Volpato \/ Folhapress A cantora Lara, 26, filha de Fausto Silva, 75, vai se casar com&hellip;\n","protected":false},"author":2,"featured_media":78924,"comment_status":"","ping_status":"","sticky":false,"template":"","format":"standard","meta":{"footnotes":""},"categories":[145],"tags":[2019,1435,211,210,1722,114,115,6456,20359,20358,32,33],"class_list":{"0":"post-78923","1":"post","2":"type-post","3":"status-publish","4":"format-standard","5":"has-post-thumbnail","7":"category-celebridades","8":"tag-casa","9":"tag-casamento","10":"tag-celebridades","11":"tag-celebrities","12":"tag-convidados","13":"tag-entertainment","14":"tag-entretenimento","15":"tag-faustao","16":"tag-julinho-casares","17":"tag-lara-silva","18":"tag-portugal","19":"tag-pt"},"share_on_mastodon":{"url":"","error":""},"_links":{"self":[{"href":"https:\/\/www.europesays.com\/pt\/wp-json\/wp\/v2\/posts\/78923","targetHints":{"allow":["GET"]}}],"collection":[{"href":"https:\/\/www.europesays.com\/pt\/wp-json\/wp\/v2\/posts"}],"about":[{"href":"https:\/\/www.europesays.com\/pt\/wp-json\/wp\/v2\/types\/post"}],"author":[{"embeddable":true,"href":"https:\/\/www.europesays.com\/pt\/wp-json\/wp\/v2\/users\/2"}],"replies":[{"embeddable":true,"href":"https:\/\/www.europesays.com\/pt\/wp-json\/wp\/v2\/comments?post=78923"}],"version-history":[{"count":0,"href":"https:\/\/www.europesays.com\/pt\/wp-json\/wp\/v2\/posts\/78923\/revisions"}],"wp:featuredmedia":[{"embeddable":true,"href":"https:\/\/www.europesays.com\/pt\/wp-json\/wp\/v2\/media\/78924"}],"wp:attachment":[{"href":"https:\/\/www.europesays.com\/pt\/wp-json\/wp\/v2\/media?parent=78923"}],"wp:term":[{"taxonomy":"category","embeddable":true,"href":"https:\/\/www.europesays.com\/pt\/wp-json\/wp\/v2\/categories?post=78923"},{"taxonomy":"post_tag","embeddable":true,"href":"https:\/\/www.europesays.com\/pt\/wp-json\/wp\/v2\/tags?post=78923"}],"curies":[{"name":"wp","href":"https:\/\/api.w.org\/{rel}","templated":true}]}}