{"id":78933,"date":"2025-09-20T05:15:22","date_gmt":"2025-09-20T05:15:22","guid":{"rendered":"https:\/\/www.europesays.com\/pt\/78933\/"},"modified":"2025-09-20T05:15:22","modified_gmt":"2025-09-20T05:15:22","slug":"jornal-revela-3-nomes-para-o-camarote-do-bbb-26-mas-uma-atriz-ja-desmentiu-convite","status":"publish","type":"post","link":"https:\/\/www.europesays.com\/pt\/78933\/","title":{"rendered":"Jornal revela 3 nomes para o Camarote do BBB 26 mas uma atriz j\u00e1 desmentiu convite"},"content":{"rendered":"<p>                        <img width=\"944\" height=\"531\" src=\"https:\/\/www.europesays.com\/pt\/wp-content\/uploads\/2025\/09\/Jornal-revela-3-nomes-para-o-Camarote-do-BBB-26-mas-uma-atriz-ja-desmentiu-convite-944x531.jpg\" class=\"attachment-custom-large size-custom-large article-featured-image\" alt=\"Jornal revela 3 nomes para o Camarote do BBB 26 mas uma atriz j\u00e1 desmentiu convite\" fetchpriority=\"high\" decoding=\"async\"  \/><\/p>\n<p>Mel Maia, MC Carol e Klara Castanho foram apontadas como poss\u00edveis nomes para a lista do reality (Foto: Redes sociais, Reprodu\u00e7\u00e3o)<\/p>\n<p>A busca por famosos para a pr\u00f3xima edi\u00e7\u00e3o do Big Brother Brasil j\u00e1 come\u00e7ou. Depois de Mel Maia, o primeiro nome cotado para o reality, foi a vez de MC Carol e Klara Castanho entrarem para a lista do programa. As duas foram convidadas para fazer parte do Camarote do BBB 26.<\/p>\n<p>Continua depois da publicidade<\/p>\n<p>Klara Castanho faz sucesso na TV desde que surgiu ainda muito crian\u00e7a como a filha de Giovanna Antonelli na novela Viver a vida, de Manoel Carlos. Recentemente, ela esteve no elenco da trama das seis Garota do Momento.<\/p>\n<p>No entanto, na manh\u00e3 desta sexta-feira (19), a atriz desmentiu a not\u00edcia dizendo que n\u00e3o foi convidada e que, se fosse, n\u00e3o iria. Klara afirmou que j\u00e1 tem dois trabalhos assinados para a \u00e9poca do BBB e que isso impediria ela de estar l\u00e1 dentro. A atriz concluiu dizendo que assistir\u00e1 o reality show \u201cfelic\u00edssima do sof\u00e1 de casa\u201d.<\/p>\n<blockquote class=\"twitter-tweet\">\n<p lang=\"pt\" dir=\"ltr\">Primeira coisa: n\u00e3o fui.<br \/>Segunda coisa: n\u00e3o vou. <\/p>\n<p>Mas quando voc\u00eas me chamam de inimiga do desemprego, acho que inclui essa tamb\u00e9m. Kkkkkk<\/p>\n<p>eu tenho dois trabalhos assinados pro per\u00edodo do BBB, mas estarei assistindo felic\u00edssima do sof\u00e1 de casa. <a href=\"https:\/\/t.co\/OQPWl6lH8R\" rel=\"nofollow\">https:\/\/t.co\/OQPWl6lH8R<\/a><\/p>\n<p>Continua depois da publicidade<\/p>\n<p>\u2014 Klara (@KlaraCastanho) <a href=\"https:\/\/twitter.com\/KlaraCastanho\/status\/1969034007225507870?ref_src=twsrc%5Etfw\" rel=\"nofollow noopener\" target=\"_blank\">September 19, 2025<\/a><\/p><\/blockquote>\n<p>J\u00e1 MC Carol, que come\u00e7ou a ficar conhecida depois que estourou com o funk Minha v\u00f3 t\u00e1 maluca em 2015, n\u00e3o desmentiu a not\u00edcia. Ela tamb\u00e9m \u00e9 atriz e participou, no fim de um junho, de uma curso de prepara\u00e7\u00e3o de atores na Globo ao lado de Jade Picon e Antonio Ben\u00edcio, filho de Murilo Ben\u00edcio.<\/p>\n<p>O BBB 26 ter\u00e1 apresenta\u00e7\u00e3o de Tadeu Schmidt e estreia no dia 12 de janeiro.<\/p>\n<p>Relembre o elenco e os campe\u00f5es do BBB 251<\/p>\n<p>VoltarAvan\u00e7ar<\/p>\n<p><img loading=\"lazy\" decoding=\"async\" width=\"1200\" height=\"675\" data-id=\"7488437\" src=\"https:\/\/www.europesays.com\/pt\/wp-content\/uploads\/2025\/09\/Joao-Pedro-2.jpg\" alt=\"\" class=\"wp-image-7488437\"  \/><\/p>\n<p> Jo\u00e3o Pedro ficou em terceiro lugar. (Foto: TV Globo, Reprodu\u00e7\u00e3o)<\/p>\n<p><img loading=\"lazy\" decoding=\"async\" width=\"1200\" height=\"675\" data-id=\"7488436\" src=\"https:\/\/www.europesays.com\/pt\/wp-content\/uploads\/2025\/09\/Guilherme-2.jpg\" alt=\"\" class=\"wp-image-7488436\"  \/><\/p>\n<p>Guilherme ficou em segundo. (Foto: TV Globo, Reprodu\u00e7\u00e3o)<\/p>\n<p><img loading=\"lazy\" decoding=\"async\" width=\"1200\" height=\"675\" data-id=\"7488438\" src=\"https:\/\/www.europesays.com\/pt\/wp-content\/uploads\/2025\/09\/Renata-1.jpg\" alt=\"\" class=\"wp-image-7488438\"  \/><\/p>\n<p>Renata foi a grande campe\u00e3 (Foto: TV Globo, Reprodu\u00e7\u00e3o)<\/p>\n<p><img loading=\"lazy\" decoding=\"async\" width=\"1200\" height=\"675\" data-id=\"7488435\" src=\"https:\/\/www.europesays.com\/pt\/wp-content\/uploads\/2025\/09\/Participantes-do-BBB-25-Foto-Fabio-Rocha-Globo.jpg\" alt=\"\" class=\"wp-image-7488435\"  \/><\/p>\n<p>Relembre quem foram os participantes do BBB 25  (Foto: TV Globo, Reprodu\u00e7\u00e3o)<\/p>\n<p><img loading=\"lazy\" decoding=\"async\" width=\"1600\" height=\"900\" data-id=\"7392488\" src=\"https:\/\/www.europesays.com\/pt\/wp-content\/uploads\/2025\/09\/Vitoria-Strada-e-Mateus-Pires.jpeg\" alt=\"Vit\u00f3ria Strada e Mateus Pires\" class=\"wp-image-7392488\"  \/><\/p>\n<p>Vit\u00f3ria Strada e Mateus Pires foram os primeiros participantes anunciados do BB 25 (Foto: TV Globo, Reprodu\u00e7\u00e3o)<\/p>\n<p><img loading=\"lazy\" decoding=\"async\" width=\"1920\" height=\"1080\" data-id=\"7392511\" src=\"https:\/\/www.europesays.com\/pt\/wp-content\/uploads\/2025\/09\/Edilberto-e-Raissa.jpg\" alt=\"Edilberto e Raissa\" class=\"wp-image-7392511\"  \/><\/p>\n<p>Edilberto e Raissa (Foto: TV Globo, Reprodu\u00e7\u00e3o)<\/p>\n<p><img loading=\"lazy\" decoding=\"async\" width=\"1920\" height=\"1080\" data-id=\"7392535\" src=\"https:\/\/www.europesays.com\/pt\/wp-content\/uploads\/2025\/09\/Thamiris-e-Camilla.jpg\" alt=\"Thamiris e Camilla BBB 25\" class=\"wp-image-7392535\"  \/><\/p>\n<p>Thamiris e Camilla (Foto: TV Globo, Reprodu\u00e7\u00e3o)<\/p>\n<p><img loading=\"lazy\" decoding=\"async\" width=\"1920\" height=\"1080\" data-id=\"7392556\" src=\"https:\/\/www.europesays.com\/pt\/wp-content\/uploads\/2025\/09\/Vinicius-e-Aline.jpg\" alt=\"Vin\u00edcius e Aline BBB 25\" class=\"wp-image-7392556\"  \/><\/p>\n<p>Vin\u00edcius e Aline (Foto: TV Globo, Reprodu\u00e7\u00e3o)<\/p>\n<p><img loading=\"lazy\" decoding=\"async\" width=\"1920\" height=\"1080\" data-id=\"7392596\" src=\"https:\/\/www.europesays.com\/pt\/wp-content\/uploads\/2025\/09\/Diogo-Almeida-e-Vilma.jpg\" alt=\"Diogo Almeida e Vilma BBB 25\" class=\"wp-image-7392596\"  \/><\/p>\n<p>Diogo Almeida e Vilma (Foto: TV Globo, Reprodu\u00e7\u00e3o)<\/p>\n<p><img loading=\"lazy\" decoding=\"async\" width=\"1920\" height=\"1080\" data-id=\"7392627\" src=\"https:\/\/www.europesays.com\/pt\/wp-content\/uploads\/2025\/09\/Joao-Gabriel-e-Joao-Pedro.jpg\" alt=\"Jo\u00e3o Gabriel e Jo\u00e3o Pedro BBB 25\" class=\"wp-image-7392627\"  \/><\/p>\n<p>Jo\u00e3o Gabriel e Jo\u00e3o Pedro (Foto: TV Globo, Reprodu\u00e7\u00e3o)<\/p>\n<p><img loading=\"lazy\" decoding=\"async\" width=\"1920\" height=\"1080\" data-id=\"7392695\" src=\"https:\/\/www.europesays.com\/pt\/wp-content\/uploads\/2025\/09\/Eva-e-Renata.jpg\" alt=\"Eva e Renata BBB 25\" class=\"wp-image-7392695\"  \/><\/p>\n<p>Eva e Renata (Foto: TV Globo, Reprodu\u00e7\u00e3o)<\/p>\n<p><img loading=\"lazy\" decoding=\"async\" width=\"1920\" height=\"1080\" data-id=\"7392705\" src=\"https:\/\/www.europesays.com\/pt\/wp-content\/uploads\/2025\/09\/Gracyanne-Barbosa-e-Giovanna.jpg\" alt=\"Gracyanne Barbosa e Giovanna BBB 25\" class=\"wp-image-7392705\"  \/><\/p>\n<p>Gracyanne Barbosa e Giovanna (Foto: TV Globo, Reprodu\u00e7\u00e3o)<\/p>\n<p><img loading=\"lazy\" decoding=\"async\" width=\"1920\" height=\"1080\" data-id=\"7392753\" src=\"https:\/\/www.europesays.com\/pt\/wp-content\/uploads\/2025\/09\/Arleane-e-Marcelo.jpg\" alt=\"Arleane e Marcelo BBB 25\" class=\"wp-image-7392753\"  \/><\/p>\n<p>Arleane e Marcelo (Foto: TV Globo, Reprodu\u00e7\u00e3o)<\/p>\n<p><img loading=\"lazy\" decoding=\"async\" width=\"1920\" height=\"1080\" data-id=\"7392755\" src=\"https:\/\/www.europesays.com\/pt\/wp-content\/uploads\/2025\/09\/Gabriel-e-Maike.jpg\" alt=\"Gabriel e Maike BBB 25\" class=\"wp-image-7392755\"  \/><\/p>\n<p>Gabriel e Maike (Foto: TV Globo, Reprodu\u00e7\u00e3o)<\/p>\n<p><img loading=\"lazy\" decoding=\"async\" width=\"1920\" height=\"1080\" data-id=\"7392759\" src=\"https:\/\/www.europesays.com\/pt\/wp-content\/uploads\/2025\/09\/Diego-Hypolito-e-Daniele-Hypolito-2.jpg\" alt=\"Diego Hypolito e Daniele Hypolito BBB 25\" class=\"wp-image-7392759\"  \/><\/p>\n<p>Diego Hypolito e Daniele Hypolito (Foto: TV Globo, Reprodu\u00e7\u00e3o)<\/p>\n<p><img loading=\"lazy\" decoding=\"async\" width=\"1600\" height=\"900\" data-id=\"7396150\" src=\"https:\/\/www.europesays.com\/pt\/wp-content\/uploads\/2025\/09\/Joseane-e-Guilherme-do-BBB-25-Foto-Divulgacao-Globo.jpeg\" alt=\"\" class=\"wp-image-7396150\"  \/><\/p>\n<p>Genro e sogra, Guilherme e Joselma foram a \u00faltima dupla a entrar. <\/p>\n<p>*Sob supervis\u00e3o de Pablo Brito<\/p>\n<p>Voc\u00ea tamb\u00e9m pode se interessar por:\u00a0<a href=\"https:\/\/www.nsctotal.com.br\/noticias\/quem-e-jimmy-kimmel-apresentador-cancelado-por-fala-sobre-charlie-kirk\" target=\"_blank\" rel=\"noreferrer noopener nofollow\"><strong>Quem \u00e9 Jimmy Kimmel, apresentador cancelado por fala sobre Charlie Kirk<\/strong><\/a>\u00a0e\u00a0<a href=\"https:\/\/www.nsctotal.com.br\/noticias\/apresentador-ronnie-von-revela-diagnostico-de-doenca-cardiaca-que-resultou-em-tres-cirurgias\" target=\"_blank\" rel=\"noreferrer noopener nofollow\"><strong>Apresentador Ronnie Von revela diagn\u00f3stico de doen\u00e7a card\u00edaca que resultou em tr\u00eas cirurgias<\/strong><\/a>.<\/p>\n<p>Continua depois da publicidade<\/p>\n<p>                                    <script async src=\"https:\/\/platform.twitter.com\/widgets.js\" charset=\"utf-8\"><\/script><\/p>\n","protected":false},"excerpt":{"rendered":"Mel Maia, MC Carol e Klara Castanho foram apontadas como poss\u00edveis nomes para a lista do reality (Foto:&hellip;\n","protected":false},"author":2,"featured_media":78934,"comment_status":"","ping_status":"","sticky":false,"template":"","format":"standard","meta":{"footnotes":""},"categories":[145],"tags":[2567,211,210,114,115,32,33,794],"class_list":{"0":"post-78933","1":"post","2":"type-post","3":"status-publish","4":"format-standard","5":"has-post-thumbnail","7":"category-celebridades","8":"tag-bbb-25","9":"tag-celebridades","10":"tag-celebrities","11":"tag-entertainment","12":"tag-entretenimento","13":"tag-portugal","14":"tag-pt","15":"tag-voce-viu"},"share_on_mastodon":{"url":"","error":""},"_links":{"self":[{"href":"https:\/\/www.europesays.com\/pt\/wp-json\/wp\/v2\/posts\/78933","targetHints":{"allow":["GET"]}}],"collection":[{"href":"https:\/\/www.europesays.com\/pt\/wp-json\/wp\/v2\/posts"}],"about":[{"href":"https:\/\/www.europesays.com\/pt\/wp-json\/wp\/v2\/types\/post"}],"author":[{"embeddable":true,"href":"https:\/\/www.europesays.com\/pt\/wp-json\/wp\/v2\/users\/2"}],"replies":[{"embeddable":true,"href":"https:\/\/www.europesays.com\/pt\/wp-json\/wp\/v2\/comments?post=78933"}],"version-history":[{"count":0,"href":"https:\/\/www.europesays.com\/pt\/wp-json\/wp\/v2\/posts\/78933\/revisions"}],"wp:featuredmedia":[{"embeddable":true,"href":"https:\/\/www.europesays.com\/pt\/wp-json\/wp\/v2\/media\/78934"}],"wp:attachment":[{"href":"https:\/\/www.europesays.com\/pt\/wp-json\/wp\/v2\/media?parent=78933"}],"wp:term":[{"taxonomy":"category","embeddable":true,"href":"https:\/\/www.europesays.com\/pt\/wp-json\/wp\/v2\/categories?post=78933"},{"taxonomy":"post_tag","embeddable":true,"href":"https:\/\/www.europesays.com\/pt\/wp-json\/wp\/v2\/tags?post=78933"}],"curies":[{"name":"wp","href":"https:\/\/api.w.org\/{rel}","templated":true}]}}