{"id":78942,"date":"2025-09-20T05:27:18","date_gmt":"2025-09-20T05:27:18","guid":{"rendered":"https:\/\/www.europesays.com\/pt\/78942\/"},"modified":"2025-09-20T05:27:18","modified_gmt":"2025-09-20T05:27:18","slug":"no-alentejo-entre-o-guadiana-e-o-alqueva-uma-viagem-a-descoberta-de-moura","status":"publish","type":"post","link":"https:\/\/www.europesays.com\/pt\/78942\/","title":{"rendered":"No Alentejo, entre o Guadiana e o Alqueva, uma viagem \u00e0 descoberta de Moura"},"content":{"rendered":"<p class=\"MsoNormal\">Considerado o local mais quente do pa\u00eds, a <a href=\"https:\/\/www.facebook.com\/postoturismoamareleja\" target=\"_blank\" rel=\"noopener noreferrer nofollow\">Amareleja<\/a> guarda a ess\u00eancia de um Alentejo aut\u00eantico e ainda por descobrir. \u00c9 a terra da atriz Eunice Mu\u00f1oz, homenageada numa das ruas da vila, que se caracteriza pelas tradicionais casas caiadas de branco. No centro encontra-se a adega com a assinatura de Jos\u00e9 Piteira, fiel guardi\u00e3o de uma cole\u00e7\u00e3o de talhas centen\u00e1rias e inventivo produtor de vinhos com forte tradi\u00e7\u00e3o no Alentejo. Depois de provar o vinho de talha \u00e9 tempo de apreciar os sabores genu\u00ednos da regi\u00e3o no restaurante <a href=\"https:\/\/www.facebook.com\/adegapiteira\" target=\"_blank\" rel=\"noopener noreferrer nofollow\">Adega Piteira<\/a>.<\/p>\n<p class=\"MsoNormal\">Entre Amareleja e <a href=\"https:\/\/www.facebook.com\/camaramunicipaldemoura\/\" target=\"_blank\" rel=\"noopener noreferrer nofollow\">Moura<\/a> distam quase 30 km de paisagem rural e olival, que fazem desta a \u201cterra m\u00e3e do azeite alentejano\u201d. Descubra a oliveira com azeitonas brancas antes de uma paragem no alojamento <a href=\"https:\/\/www.facebook.com\/CasaAmadaMoura\" target=\"_blank\" rel=\"noopener noreferrer nofollow\">Amada Moura<\/a>, um recuperado palacete do s\u00e9culo XVIII, que abriu para o turismo em 2024, com a miss\u00e3o de receber os visitantes com alma alentejana.<\/p>\n<p class=\"MsoNormal\">Nas margens do rio Guadiana, entre os concelhos de Moura e Portel, ergue-se o maior lago artificial da Europa: o Alqueva. A <a href=\"https:\/\/www.enmoura.pt\/\" target=\"_blank\" rel=\"noopener noreferrer nofollow\">Esta\u00e7\u00e3o N\u00e1utica de Moura \u2013 Alqueva<\/a>, certificada em 2018, organiza-se em quatro locais n\u00e1uticos distintos, entre os quais, o Centro N\u00e1utico de Moura \u2013 Alqueva, com cais ancoradouro e uma praia fluvial inaugurada em 2024 e galardoada com as distin\u00e7\u00f5es Bandeira Azul e Praia Acess\u00edvel. Este \u00e9 o ponto de partida do <a href=\"https:\/\/expresso.pt\/boa-cama-boa-mesa\/iniciativas-e-produtos\/passeio-verde\/2025-09-17-explorar-o-alqueva-do-nascer-do-sol-a-escuridao-do-ceu-estrelado-2d8cad57?utm_source=expresso&amp;utm_medium=category&amp;utm_campaign=WEB&amp;utm_content=\/boa-cama-boa-mesa\/iniciativas-e-produtos\/passeio-verde\/2025-09-17-explorar-o-alqueva-do-nascer-do-sol-a-escuridao-do-ceu-estrelado-2d8cad57\" target=\"_blank\" rel=\"noopener noreferrer nofollow\">Passeio Verde<\/a> desta semana. No Centro N\u00e1utico de Moura \u2013 Alqueva embarca-se num passeio de barco com hist\u00f3ria, guiado pela <a href=\"https:\/\/www.facebook.com\/alquevatours\/\" target=\"_blank\" rel=\"noopener noreferrer nofollow\">Alqueva Tours<\/a>.<\/p>\n<p class=\"category\"><a href=\"https:\/\/expresso.pt\/boa-cama-boa-mesa\/iniciativas-e-produtos\/passeio-verde\" rel=\"nofollow noopener\" target=\"_blank\">Passeio Verde<\/a><\/p>\n<p class=\"follow-link\"><a href=\"https:\/\/expresso.pt\/boa-cama-boa-mesa\/iniciativas-e-produtos\/passeio-verde\/2025-09-17-explorar-o-alqueva-do-nascer-do-sol-a-escuridao-do-ceu-estrelado-2d8cad57\" rel=\"canonical nofollow noopener\" target=\"_blank\">Leia tamb\u00e9m<\/a><\/p>\n","protected":false},"excerpt":{"rendered":"Considerado o local mais quente do pa\u00eds, a Amareleja guarda a ess\u00eancia de um Alentejo aut\u00eantico e ainda&hellip;\n","protected":false},"author":2,"featured_media":78943,"comment_status":"","ping_status":"","sticky":false,"template":"","format":"standard","meta":{"footnotes":""},"categories":[10],"tags":[27,28,15,16,14,25,26,21,22,12,13,19,20,32,23,24,33,17,18,29,30,31],"class_list":{"0":"post-78942","1":"post","2":"type-post","3":"status-publish","4":"format-standard","5":"has-post-thumbnail","7":"category-portugal","8":"tag-breaking-news","9":"tag-breakingnews","10":"tag-featured-news","11":"tag-featurednews","12":"tag-headlines","13":"tag-latest-news","14":"tag-latestnews","15":"tag-main-news","16":"tag-mainnews","17":"tag-news","18":"tag-noticias","19":"tag-noticias-principais","20":"tag-noticiasprincipais","21":"tag-portugal","22":"tag-principais-noticias","23":"tag-principaisnoticias","24":"tag-pt","25":"tag-top-stories","26":"tag-topstories","27":"tag-ultimas","28":"tag-ultimas-noticias","29":"tag-ultimasnoticias"},"share_on_mastodon":{"url":"","error":""},"_links":{"self":[{"href":"https:\/\/www.europesays.com\/pt\/wp-json\/wp\/v2\/posts\/78942","targetHints":{"allow":["GET"]}}],"collection":[{"href":"https:\/\/www.europesays.com\/pt\/wp-json\/wp\/v2\/posts"}],"about":[{"href":"https:\/\/www.europesays.com\/pt\/wp-json\/wp\/v2\/types\/post"}],"author":[{"embeddable":true,"href":"https:\/\/www.europesays.com\/pt\/wp-json\/wp\/v2\/users\/2"}],"replies":[{"embeddable":true,"href":"https:\/\/www.europesays.com\/pt\/wp-json\/wp\/v2\/comments?post=78942"}],"version-history":[{"count":0,"href":"https:\/\/www.europesays.com\/pt\/wp-json\/wp\/v2\/posts\/78942\/revisions"}],"wp:featuredmedia":[{"embeddable":true,"href":"https:\/\/www.europesays.com\/pt\/wp-json\/wp\/v2\/media\/78943"}],"wp:attachment":[{"href":"https:\/\/www.europesays.com\/pt\/wp-json\/wp\/v2\/media?parent=78942"}],"wp:term":[{"taxonomy":"category","embeddable":true,"href":"https:\/\/www.europesays.com\/pt\/wp-json\/wp\/v2\/categories?post=78942"},{"taxonomy":"post_tag","embeddable":true,"href":"https:\/\/www.europesays.com\/pt\/wp-json\/wp\/v2\/tags?post=78942"}],"curies":[{"name":"wp","href":"https:\/\/api.w.org\/{rel}","templated":true}]}}