{"id":79198,"date":"2025-09-20T11:44:08","date_gmt":"2025-09-20T11:44:08","guid":{"rendered":"https:\/\/www.europesays.com\/pt\/79198\/"},"modified":"2025-09-20T11:44:08","modified_gmt":"2025-09-20T11:44:08","slug":"chefe-do-hezbollah-pede-unidade-frente-a-israel-o-principal-inimigo","status":"publish","type":"post","link":"https:\/\/www.europesays.com\/pt\/79198\/","title":{"rendered":"Chefe do Hezbollah pede unidade frente a Israel, o &#8220;principal inimigo&#8221;"},"content":{"rendered":"<p>Isto, num momento em que o governo do L\u00edbano procura desmantelar aquele movimento, sob press\u00e3o norte-americana.<\/p>\n<p>&#8220;Devemos ter em mente que o principal inimigo \u00e9 Israel e, por tr\u00e1s dele, os Estados Unidos. Se n\u00e3o o fizermos, ningu\u00e9m na regi\u00e3o poder\u00e1 ter sucesso&#8221;, considerou o l\u00edder xiita num discurso transmitido pelos canais aliados.<\/p>\n<p>&#8220;Pressionar a resist\u00eancia [Hamas] resulta num ganho l\u00edquido para Israel e se a resist\u00eancia n\u00e3o estiver presente, isso significa que outros pa\u00edses da regi\u00e3o ser\u00e3o os pr\u00f3ximos&#8221;, advertiu Qassem.<\/p>\n<p>Este m\u00eas, o governo liban\u00eas apoiou um plano do ex\u00e9rcito para desarmar o Hezbollah antes do final do ano, embora j\u00e1 tenha avisado que as capacidades da institui\u00e7\u00e3o militar s\u00e3o limitadas em termos de pessoal, log\u00edstica e recursos, abrindo a porta a potenciais atrasos.<\/p>\n<p>Neste contexto, o secret\u00e1rio-geral do Hezbolah voltou a apelar ao di\u00e1logo, ao defender que o seu armamento serviu tanto para &#8220;disuadir&#8221; como para &#8220;libertar&#8221; territ\u00f3rios tomados pelo Estado judaico.<\/p>\n<p>&#8220;Garantimos que as armas da resist\u00eancia est\u00e3o dirigidas contra o inimigo israelita, n\u00e3o contra o L\u00edbano, a Ar\u00e1bia Saudita ou qualquer outro lugar ou entidade do mundo&#8221;, argumentou durante o seu discurso.<\/p>\n<p>De facto, Qassem estendeu a m\u00e3o a Riade, uma importante influ\u00eancia estrangeira que apoiou os seus principais rivais pol\u00edticos no L\u00edbano e que durante anos tamb\u00e9m manteve rela\u00e7\u00f5es tensas com o Ir\u00e3o, uma rep\u00fablica isl\u00e2mica xiita que \u00e9 o principal apoiante do Hezbollah.<\/p>\n<p>O l\u00edder do grupo xiita defendeu a abertura de um di\u00e1logo com a Ar\u00e1bia Saudita para resolver as diferen\u00e7as e avan\u00e7ar para o &#8220;enfraquecimento de Israel&#8221;.<\/p>\n<p>As suas declara\u00e7\u00f5es surgem depois de pa\u00edses \u00e1rabes e isl\u00e2micos terem apelado na segunda-feira, em Doha, a uma alian\u00e7a pol\u00edtica e de defesa que contenha o governo de Benjamin Netanyahu, al\u00e9m de lhe impor san\u00e7\u00f5es e restri\u00e7\u00f5es ap\u00f3s o seu recente ataque de Israel contra a capital do Qatar.<\/p>\n<p>Leia Tamb\u00e9m: <a href=\"https:\/\/www.noticiasaominuto.com\/mundo\/2856346\/israel-diz-que-480-mil-palestinianos-fugiram-da-cidade-de-gaza\" target=\"_blank\" rel=\"noreferrer noopener nofollow\">Israel diz que 480 mil palestinianos fugiram da cidade de Gaza<\/a><\/p>\n","protected":false},"excerpt":{"rendered":"Isto, num momento em que o governo do L\u00edbano procura desmantelar aquele movimento, sob press\u00e3o norte-americana. &#8220;Devemos ter&hellip;\n","protected":false},"author":2,"featured_media":79199,"comment_status":"","ping_status":"","sticky":false,"template":"","format":"standard","meta":{"footnotes":""},"categories":[50],"tags":[27,28,15,16,14,25,26,21,22,62,12,13,19,20,23,24,17,18,29,30,31,63,64,65],"class_list":{"0":"post-79198","1":"post","2":"type-post","3":"status-publish","4":"format-standard","5":"has-post-thumbnail","7":"category-mundo","8":"tag-breaking-news","9":"tag-breakingnews","10":"tag-featured-news","11":"tag-featurednews","12":"tag-headlines","13":"tag-latest-news","14":"tag-latestnews","15":"tag-main-news","16":"tag-mainnews","17":"tag-mundo","18":"tag-news","19":"tag-noticias","20":"tag-noticias-principais","21":"tag-noticiasprincipais","22":"tag-principais-noticias","23":"tag-principaisnoticias","24":"tag-top-stories","25":"tag-topstories","26":"tag-ultimas","27":"tag-ultimas-noticias","28":"tag-ultimasnoticias","29":"tag-world","30":"tag-world-news","31":"tag-worldnews"},"share_on_mastodon":{"url":"","error":""},"_links":{"self":[{"href":"https:\/\/www.europesays.com\/pt\/wp-json\/wp\/v2\/posts\/79198","targetHints":{"allow":["GET"]}}],"collection":[{"href":"https:\/\/www.europesays.com\/pt\/wp-json\/wp\/v2\/posts"}],"about":[{"href":"https:\/\/www.europesays.com\/pt\/wp-json\/wp\/v2\/types\/post"}],"author":[{"embeddable":true,"href":"https:\/\/www.europesays.com\/pt\/wp-json\/wp\/v2\/users\/2"}],"replies":[{"embeddable":true,"href":"https:\/\/www.europesays.com\/pt\/wp-json\/wp\/v2\/comments?post=79198"}],"version-history":[{"count":0,"href":"https:\/\/www.europesays.com\/pt\/wp-json\/wp\/v2\/posts\/79198\/revisions"}],"wp:featuredmedia":[{"embeddable":true,"href":"https:\/\/www.europesays.com\/pt\/wp-json\/wp\/v2\/media\/79199"}],"wp:attachment":[{"href":"https:\/\/www.europesays.com\/pt\/wp-json\/wp\/v2\/media?parent=79198"}],"wp:term":[{"taxonomy":"category","embeddable":true,"href":"https:\/\/www.europesays.com\/pt\/wp-json\/wp\/v2\/categories?post=79198"},{"taxonomy":"post_tag","embeddable":true,"href":"https:\/\/www.europesays.com\/pt\/wp-json\/wp\/v2\/tags?post=79198"}],"curies":[{"name":"wp","href":"https:\/\/api.w.org\/{rel}","templated":true}]}}