{"id":79214,"date":"2025-09-20T11:58:08","date_gmt":"2025-09-20T11:58:08","guid":{"rendered":"https:\/\/www.europesays.com\/pt\/79214\/"},"modified":"2025-09-20T11:58:08","modified_gmt":"2025-09-20T11:58:08","slug":"varios-aeroportos-europeus-atingidos-por-ataque-informatico","status":"publish","type":"post","link":"https:\/\/www.europesays.com\/pt\/79214\/","title":{"rendered":"V\u00e1rios aeroportos europeus atingidos por ataque inform\u00e1tico"},"content":{"rendered":"<p>\t                Incidente fez com que as opera\u00e7\u00f5es de &#8216;check-in&#8217; e embarque tivessem de ser realizadas manualmente<\/p>\n<p>O aeroporto de Bruxelas foi atingido por um ataque inform\u00e1tico contra o fornecedor de servi\u00e7os de &#8216;check-in&#8217; e embarque, estando a sentir-se impactos na programa\u00e7\u00e3o de voos, informou hoje a autoridade aeroportu\u00e1ria da capital belga.<\/p>\n<p>Em comunicado, o Aeroporto de Bruxelas afirmou que o ataque, registado na sexta-feira \u00e0 noite, tamb\u00e9m afetou v\u00e1rios aeroportos europeus, sem adiantar mais detalhes.<\/p>\n<p>O incidente fez com que as opera\u00e7\u00f5es de &#8216;check-in&#8217; e embarque tivessem de ser realizadas manualmente.<\/p>\n<p>A autoridade admitiu que o ataque &#8220;tem um grande impacto na programa\u00e7\u00e3o dos voos e, infelizmente, vai provocar atrasos e cancelamentos&#8221;.<\/p>\n<p>Por isso, aconselhou os passageiros com liga\u00e7\u00f5es hoje a verificarem o estado do voo junto da companhia a\u00e9rea, antes de viajarem para o aeroporto, e a s\u00f3 se deslocarem se o voo estiver confirmado.<\/p>\n<p>O aeroporto de Bruxelas tem liga\u00e7\u00f5es diretas com os aeroportos portugueses de Lisboa, Porto e Faro, operadas pelas companhias a\u00e9reas TAP, Ryanair, Brussels Airlines, Transavia e TUI fly Belgium.<\/p>\n<p>De acordo com o portal do Aeroporto Humberto Delgado, em Lisboa, um voo da TAP que deveria partir da capital portuguesa com destino a Bruxelas \u00e0s 07:15 j\u00e1 foi cancelado.\u00a0Outro voo, com partida de Bruxelas e aterragem prevista para Lisboa \u00e0s 13:45, tamb\u00e9m foi cancelado. A CNN Portugal contactou a ANA Aeroportos que garantiu, contudo, que estes casos n\u00e3o est\u00e3o relacionados com o ciberataque e que, &#8220;para j\u00e1&#8221;, no aeroporto de Lisboa n\u00e3o h\u00e1 qualquer impacto relacionado com o incidente.\u00a0<\/p>\n","protected":false},"excerpt":{"rendered":"Incidente fez com que as opera\u00e7\u00f5es de &#8216;check-in&#8217; e embarque tivessem de ser realizadas manualmente O aeroporto de&hellip;\n","protected":false},"author":2,"featured_media":79215,"comment_status":"","ping_status":"","sticky":false,"template":"","format":"standard","meta":{"footnotes":""},"categories":[50],"tags":[1812,609,836,611,27,28,1835,2938,607,608,333,832,604,135,610,476,15,16,301,830,14,603,25,26,570,21,22,831,833,62,834,12,13,19,20,835,602,52,32,23,24,17,18,29,30,31,63,64,65],"class_list":{"0":"post-79214","1":"post","2":"type-post","3":"status-publish","4":"format-standard","5":"has-post-thumbnail","7":"category-mundo","8":"tag-aeroportos","9":"tag-alerta","10":"tag-analise","11":"tag-ao-minuto","12":"tag-breaking-news","13":"tag-breakingnews","14":"tag-bruxelas","15":"tag-ciberataque","16":"tag-cnn","17":"tag-cnn-portugal","18":"tag-comentadores","19":"tag-costa","20":"tag-crime","21":"tag-desporto","22":"tag-direto","23":"tag-economia","24":"tag-featured-news","25":"tag-featurednews","26":"tag-governo","27":"tag-guerra","28":"tag-headlines","29":"tag-justica","30":"tag-latest-news","31":"tag-latestnews","32":"tag-live","33":"tag-main-news","34":"tag-mainnews","35":"tag-mais-vistas","36":"tag-marcelo","37":"tag-mundo","38":"tag-negocios","39":"tag-news","40":"tag-noticias","41":"tag-noticias-principais","42":"tag-noticiasprincipais","43":"tag-opiniao","44":"tag-pais","45":"tag-politica","46":"tag-portugal","47":"tag-principais-noticias","48":"tag-principaisnoticias","49":"tag-top-stories","50":"tag-topstories","51":"tag-ultimas","52":"tag-ultimas-noticias","53":"tag-ultimasnoticias","54":"tag-world","55":"tag-world-news","56":"tag-worldnews"},"share_on_mastodon":{"url":"","error":""},"_links":{"self":[{"href":"https:\/\/www.europesays.com\/pt\/wp-json\/wp\/v2\/posts\/79214","targetHints":{"allow":["GET"]}}],"collection":[{"href":"https:\/\/www.europesays.com\/pt\/wp-json\/wp\/v2\/posts"}],"about":[{"href":"https:\/\/www.europesays.com\/pt\/wp-json\/wp\/v2\/types\/post"}],"author":[{"embeddable":true,"href":"https:\/\/www.europesays.com\/pt\/wp-json\/wp\/v2\/users\/2"}],"replies":[{"embeddable":true,"href":"https:\/\/www.europesays.com\/pt\/wp-json\/wp\/v2\/comments?post=79214"}],"version-history":[{"count":0,"href":"https:\/\/www.europesays.com\/pt\/wp-json\/wp\/v2\/posts\/79214\/revisions"}],"wp:featuredmedia":[{"embeddable":true,"href":"https:\/\/www.europesays.com\/pt\/wp-json\/wp\/v2\/media\/79215"}],"wp:attachment":[{"href":"https:\/\/www.europesays.com\/pt\/wp-json\/wp\/v2\/media?parent=79214"}],"wp:term":[{"taxonomy":"category","embeddable":true,"href":"https:\/\/www.europesays.com\/pt\/wp-json\/wp\/v2\/categories?post=79214"},{"taxonomy":"post_tag","embeddable":true,"href":"https:\/\/www.europesays.com\/pt\/wp-json\/wp\/v2\/tags?post=79214"}],"curies":[{"name":"wp","href":"https:\/\/api.w.org\/{rel}","templated":true}]}}