{"id":79380,"date":"2025-09-20T14:53:04","date_gmt":"2025-09-20T14:53:04","guid":{"rendered":"https:\/\/www.europesays.com\/pt\/79380\/"},"modified":"2025-09-20T14:53:04","modified_gmt":"2025-09-20T14:53:04","slug":"estas-nervoso-andrezito-isaltino-morais-responde-as-provocacoes-de-andre-ventura","status":"publish","type":"post","link":"https:\/\/www.europesays.com\/pt\/79380\/","title":{"rendered":"&#8220;Est\u00e1s nervoso Andr\u00e9zito?&#8221;: Isaltino Morais responde \u00e0s provoca\u00e7\u00f5es de Andr\u00e9 Ventura"},"content":{"rendered":"<p>Num v\u00eddeo endere\u00e7ado ao l\u00edder do Chega, publicado na sexta-feira \u00e0s 20 horas no TikTok e Instagram, Isaltino Morais refor\u00e7a cr\u00edticas que j\u00e1 tinha feito ao l\u00edder do Chega e que ter\u00e3o espoletado provoca\u00e7\u00f5es deste. No cap\u00edtulo mais recente deste &#8220;bate boca&#8221;, Isaltino Morais defende que Andr\u00e9 Ventura n\u00e3o \u00e9 antissistema, mas antes o pior que o sistema gerou: &#8220;uma excresc\u00eancia do sistema partid\u00e1rio portugu\u00eas&#8221;.<\/p>\n<p data-remotead-prev-elm=\"true\" data-remotead-elm-id=\"inread\">A mensagem surge ap\u00f3s declara\u00e7\u00f5es do candidato \u00e0 C\u00e2mara de Oeiras durante um debate na ter\u00e7a-feira na CNN, onde critica Andr\u00e9 Ventura e o partido Chega, chamando-o de &#8220;mentiroso compulsivo&#8221; e fruto de uma &#8220;inven\u00e7\u00e3o de um grupo do PSD que montou aquela opera\u00e7\u00e3o Tutti-Frutti&#8221;.<\/p>\n<p>Ventura n\u00e3o tardou a retaliar nas redes sociais. &#8220;Se o Chega mandasse, a diferen\u00e7a \u00e9 que tu ainda estavas preso&#8221;, atirou <a href=\"https:\/\/www.tiktok.com\/@andre_ventura_oficial\/video\/7550809655463660832\" target=\"_blank\" rel=\"nofollow noopener\">num v\u00eddeo publicado no TikTok<\/a>.<\/p>\n<p>No v\u00eddeo, Isaltino Morais aproveita novamente para acusar Andr\u00e9 Ventura de ser um &#8220;mentiroso cobarde que enfrenta o povo rodeado de seguran\u00e7as&#8221; e questiona a origem do financiamento do partido. &#8220;As autoridades judiciais t\u00eam de investigar o Andr\u00e9 Ventura. Temos de saber sobre a origem do financiamento do Chega. E temos de saber se h\u00e1 crimes associados. A resposta n\u00e3o demorou. Logo a seguir fez tr\u00eas publica\u00e7\u00f5es contra mim. Que import\u00e2ncia. Ficou muito, muito nervoso. Est\u00e1s nervoso, Andr\u00e9zito? Est\u00e1s habituado a intimidar jornalistas e advers\u00e1rios? Achas que metes medo? Aqui ningu\u00e9m tem medo de ti&#8221;, disse Isaltino Morais.<\/p>\n<p data-remotead-prev-elm=\"true\" data-remotead-elm-id=\"centro2\">Em resposta \u00e0 promessa de pris\u00e3o, o autarca salienta a atitude de um ditador. &#8220;Assim se v\u00ea cair a m\u00e1scara do democrata. Se fores primeiro-ministro, \u00e9s tu que mandas prender? Se ganhares, acaba o Estado de Direito e a independ\u00eancia dos tribunais? Oi\u00e7am bem aquilo que diz o nosso pequeno ditador. Aquilo n\u00e3o s\u00e3o apenas amea\u00e7as a mim, s\u00e3o amea\u00e7as \u00e0 nossa liberdade&#8221;, apontou.<\/p>\n<p>Isaltino Morais termina o v\u00eddeo reduzindo Andr\u00e9 Ventura a &#8220;um monstrinho que representa o pior do sistema&#8221; e garante que ter\u00e1 de &#8220;bater de frente&#8221; com todos os que t\u00eam coragem de o criticar. &#8220;N\u00e3o passar\u00e1s, Andr\u00e9zito. N\u00e3o passar\u00e1s&#8221;, remata o autarca.<\/p>\n<p><script async src=\"\/\/www.tiktok.com\/embed.js\"><\/script><\/p>\n","protected":false},"excerpt":{"rendered":"Num v\u00eddeo endere\u00e7ado ao l\u00edder do Chega, publicado na sexta-feira \u00e0s 20 horas no TikTok e Instagram, Isaltino&hellip;\n","protected":false},"author":2,"featured_media":79381,"comment_status":"","ping_status":"","sticky":false,"template":"","format":"standard","meta":{"footnotes":""},"categories":[10],"tags":[3386,27,28,3883,15,16,14,18661,25,26,21,22,619,12,13,19,20,32,23,24,33,17,18,29,30,31],"class_list":{"0":"post-79380","1":"post","2":"type-post","3":"status-publish","4":"format-standard","5":"has-post-thumbnail","7":"category-portugal","8":"tag-andre-ventura","9":"tag-breaking-news","10":"tag-breakingnews","11":"tag-criticas","12":"tag-featured-news","13":"tag-featurednews","14":"tag-headlines","15":"tag-isaltino-morais","16":"tag-latest-news","17":"tag-latestnews","18":"tag-main-news","19":"tag-mainnews","20":"tag-nacional","21":"tag-news","22":"tag-noticias","23":"tag-noticias-principais","24":"tag-noticiasprincipais","25":"tag-portugal","26":"tag-principais-noticias","27":"tag-principaisnoticias","28":"tag-pt","29":"tag-top-stories","30":"tag-topstories","31":"tag-ultimas","32":"tag-ultimas-noticias","33":"tag-ultimasnoticias"},"share_on_mastodon":{"url":"","error":""},"_links":{"self":[{"href":"https:\/\/www.europesays.com\/pt\/wp-json\/wp\/v2\/posts\/79380","targetHints":{"allow":["GET"]}}],"collection":[{"href":"https:\/\/www.europesays.com\/pt\/wp-json\/wp\/v2\/posts"}],"about":[{"href":"https:\/\/www.europesays.com\/pt\/wp-json\/wp\/v2\/types\/post"}],"author":[{"embeddable":true,"href":"https:\/\/www.europesays.com\/pt\/wp-json\/wp\/v2\/users\/2"}],"replies":[{"embeddable":true,"href":"https:\/\/www.europesays.com\/pt\/wp-json\/wp\/v2\/comments?post=79380"}],"version-history":[{"count":0,"href":"https:\/\/www.europesays.com\/pt\/wp-json\/wp\/v2\/posts\/79380\/revisions"}],"wp:featuredmedia":[{"embeddable":true,"href":"https:\/\/www.europesays.com\/pt\/wp-json\/wp\/v2\/media\/79381"}],"wp:attachment":[{"href":"https:\/\/www.europesays.com\/pt\/wp-json\/wp\/v2\/media?parent=79380"}],"wp:term":[{"taxonomy":"category","embeddable":true,"href":"https:\/\/www.europesays.com\/pt\/wp-json\/wp\/v2\/categories?post=79380"},{"taxonomy":"post_tag","embeddable":true,"href":"https:\/\/www.europesays.com\/pt\/wp-json\/wp\/v2\/tags?post=79380"}],"curies":[{"name":"wp","href":"https:\/\/api.w.org\/{rel}","templated":true}]}}