{"id":79530,"date":"2025-09-20T17:43:06","date_gmt":"2025-09-20T17:43:06","guid":{"rendered":"https:\/\/www.europesays.com\/pt\/79530\/"},"modified":"2025-09-20T17:43:06","modified_gmt":"2025-09-20T17:43:06","slug":"parceiro-demarca-se-governo-vai-reconhecer-estado-palestiniano-com-cds-contrariado","status":"publish","type":"post","link":"https:\/\/www.europesays.com\/pt\/79530\/","title":{"rendered":"Parceiro demarca-se. Governo vai reconhecer Estado palestiniano com CDS contrariado"},"content":{"rendered":"<p>                    <b>A oficializa\u00e7\u00e3o est\u00e1 prevista para as 20h15 de domingo (hora portuguesa), a partir de Nova Iorque, antes da Confer\u00eancia de Alto N\u00edvel de segunda-feira, durante a qual outros nove pa\u00edses far\u00e3o o mesmo<\/b>.<\/p>\n<p>O primeiro an\u00fancio partiu da Presid\u00eancia francesa, tendo sido de imediato confirmado pelo Minist\u00e9rio dos Neg\u00f3cios Estrangeiros de Portugal: <b>dez pa\u00edses, entre os quais Portugal e Fran\u00e7a, v\u00e3o reconhecer um Estado palestiniano no quadro de uma confer\u00eancia \u00e0 margem da Assembleia Geral das Na\u00e7\u00f5es Unidas<\/b>.Estar\u00e3o representados &#8220;dez pa\u00edses que decidiram &#13;<br \/>\nproceder ao reconhecimento do Estado da Palestina&#8221;, indicou aos &#13;<br \/>\njornalistas um conselheiro do presidente franc\u00eas, Emmanuel Macron.<\/p>\n<p><b>Al\u00e9m de Portugal e Fran\u00e7a, pa\u00eds na origem da iniciativa, os outros Estados &#8220;s\u00e3o Andorra, Austr\u00e1lia, B\u00e9lgica, Canad\u00e1, Luxemburgo, Malta, Reino Unido e S\u00e3o Marino&#8221;<\/b>.<\/p>\n<p><b>A Autoridade Nacional Palestiniana veio aplaudir, nas \u00faltimas horas, o an\u00fancio do reconhecimento, considerando a decis\u00e3o \u201ccorajosa e coerente com o Direito Internacional\u201d<\/b>.<\/p>\n<p>Para o CDS-PP, o momento \u00e9 inoportuno.<br \/>&#13;<br \/>\n\u201cDiverg\u00eancia\u201d<br \/>&#13;<br \/>\nEm nota de imprensa, o partido do ministro da Defesa, Nuno Melo, clarifica: \u201cRespeitando a autonomia de ambos os partidos dentro da Coliga\u00e7\u00e3o AD, <b>estando absolutamente assegurada a coes\u00e3o da mesma, n\u00e3o sendo a mat\u00e9ria do conflito israelo-palestiniano uma mat\u00e9ria constante do acordo e coliga\u00e7\u00e3o<\/b>, <b>o CDS-PP expressa a sua diverg\u00eancia quanto \u00e0 oportunidade da declara\u00e7\u00e3o de reconhecimento de um Estado palestiniano\u201d<\/b>.<\/p>\n<p>\u201cO CDS-PP \u00e9 favor\u00e1vel, desde sempre, \u00e0 solu\u00e7\u00e3o dos dois Estados, mas <b>considera que, no presente momento do conflito, a efetiva\u00e7\u00e3o do reconhecimento n\u00e3o \u00e9 oportuna, nem consequente<\/b>\u201d, sustenta o comunicado do Largo do Caldas. <\/p>\n<p>\u201cN\u00e3o pode esquecer-se que foram os terr\u00edveis ataques de 7 de outubro que originaram a presente situa\u00e7\u00e3o e que h\u00e1 in\u00fameros ref\u00e9ns que n\u00e3o foram libertados e corpos de cidad\u00e3os israelitas que n\u00e3o foram devolvidos \u00e0s suas fam\u00edlias\u201d, prosseguem os democratas-crist\u00e3os.O CDS-PP, l\u00ea-se na mesma nota, \u201cconsidera tamb\u00e9m que n\u00e3o se encontram preenchidos os crit\u00e9rios de Direito Internacional necess\u00e1rios ao reconhecimento, designadamente: um territ\u00f3rio definido, com \u00e1reas geogr\u00e1ficas e fronteiras estabilizadas e um governo efetivo capaz de exercer controlo sobre esse territ\u00f3rio\u201d. <br \/>&#13;\n<\/p>\n<p><b>\u201cO CDS-PP, sem p\u00f4r em causa o princ\u00edpio da solidariedade governamental, considera que o reconhecimento s\u00f3 ser\u00e1 conveniente no quadro de um processo institucional de paz, que neste momento est\u00e1 fora do horizonte\u201d<\/b>, insiste o partido, que \u201creitera a condena\u00e7\u00e3o do abomin\u00e1vel terrorismo do Hamas\u201d e \u201cexige a liberta\u00e7\u00e3o incondicional e imediata de todos os ref\u00e9ns\u201d.<\/p>\n<p>\u201cEsta posi\u00e7\u00e3o foi transmitida ao Ministro de Estado e dos Neg\u00f3cios Estrangeiros na reuni\u00e3o efetuada sobre o tema com o Grupo Parlamentar do CDS-PP. O MNE expressou respeito pela posi\u00e7\u00e3o do parceiro de coliga\u00e7\u00e3o e sublinhou a legitimidade dessa posi\u00e7\u00e3o\u201d, conclui o comunicado.<\/p>\n<p>Israel tem contestado, nas diferentes chancelarias internacionais, o reconhecimento de um Estado da Palestina, gesto que equipara a uma recompensa para o Hamas, o movimento radical palestiniano que a 7 de outubro de 2023 levou a cabo um ataque sem precedentes em territ\u00f3rio do Estado hebraico. <\/p>\n<p><b>A ofensiva do Hamas fez cerca de 1.200 mortos e o movimento tomou 251 pessoas como ref\u00e9ns. A retalia\u00e7\u00e3o israelita j\u00e1 provocou, desde ent\u00e3o, mais de 65 mil mortos e 165 mil feridos, a maioria civis<\/b>.&#13;\n<\/p>\n<p>c\/ ag\u00eancias&#13;<\/p>\n","protected":false},"excerpt":{"rendered":"A oficializa\u00e7\u00e3o est\u00e1 prevista para as 20h15 de domingo (hora portuguesa), a partir de Nova Iorque, antes da&hellip;\n","protected":false},"author":2,"featured_media":79531,"comment_status":"","ping_status":"","sticky":false,"template":"","format":"standard","meta":{"footnotes":""},"categories":[50],"tags":[27,28,4580,257,15,16,301,14,25,26,21,22,20466,62,12190,12,13,19,20,7219,431,914,638,32,23,24,3902,17,18,29,30,31,63,64,65],"class_list":{"0":"post-79530","1":"post","2":"type-post","3":"status-publish","4":"format-standard","5":"has-post-thumbnail","7":"category-mundo","8":"tag-breaking-news","9":"tag-breakingnews","10":"tag-cds-pp","11":"tag-faixa-de-gaza","12":"tag-featured-news","13":"tag-featurednews","14":"tag-governo","15":"tag-headlines","16":"tag-latest-news","17":"tag-latestnews","18":"tag-main-news","19":"tag-mainnews","20":"tag-ministro","21":"tag-mundo","22":"tag-negocios-estrangeiros","23":"tag-news","24":"tag-noticias","25":"tag-noticias-principais","26":"tag-noticiasprincipais","27":"tag-nuno-melo","28":"tag-palestina","29":"tag-palestinianos","30":"tag-paulo-rangel","31":"tag-portugal","32":"tag-principais-noticias","33":"tag-principaisnoticias","34":"tag-reconhecimento","35":"tag-top-stories","36":"tag-topstories","37":"tag-ultimas","38":"tag-ultimas-noticias","39":"tag-ultimasnoticias","40":"tag-world","41":"tag-world-news","42":"tag-worldnews"},"share_on_mastodon":{"url":"","error":""},"_links":{"self":[{"href":"https:\/\/www.europesays.com\/pt\/wp-json\/wp\/v2\/posts\/79530","targetHints":{"allow":["GET"]}}],"collection":[{"href":"https:\/\/www.europesays.com\/pt\/wp-json\/wp\/v2\/posts"}],"about":[{"href":"https:\/\/www.europesays.com\/pt\/wp-json\/wp\/v2\/types\/post"}],"author":[{"embeddable":true,"href":"https:\/\/www.europesays.com\/pt\/wp-json\/wp\/v2\/users\/2"}],"replies":[{"embeddable":true,"href":"https:\/\/www.europesays.com\/pt\/wp-json\/wp\/v2\/comments?post=79530"}],"version-history":[{"count":0,"href":"https:\/\/www.europesays.com\/pt\/wp-json\/wp\/v2\/posts\/79530\/revisions"}],"wp:featuredmedia":[{"embeddable":true,"href":"https:\/\/www.europesays.com\/pt\/wp-json\/wp\/v2\/media\/79531"}],"wp:attachment":[{"href":"https:\/\/www.europesays.com\/pt\/wp-json\/wp\/v2\/media?parent=79530"}],"wp:term":[{"taxonomy":"category","embeddable":true,"href":"https:\/\/www.europesays.com\/pt\/wp-json\/wp\/v2\/categories?post=79530"},{"taxonomy":"post_tag","embeddable":true,"href":"https:\/\/www.europesays.com\/pt\/wp-json\/wp\/v2\/tags?post=79530"}],"curies":[{"name":"wp","href":"https:\/\/api.w.org\/{rel}","templated":true}]}}