{"id":79594,"date":"2025-09-20T18:26:08","date_gmt":"2025-09-20T18:26:08","guid":{"rendered":"https:\/\/www.europesays.com\/pt\/79594\/"},"modified":"2025-09-20T18:26:08","modified_gmt":"2025-09-20T18:26:08","slug":"grupo-renault-muda-receita-para-reduzir-preco-dos-eletricos","status":"publish","type":"post","link":"https:\/\/www.europesays.com\/pt\/79594\/","title":{"rendered":"Grupo Renault muda receita para reduzir pre\u00e7o dos el\u00e9tricos"},"content":{"rendered":"<p>\n\tO Grupo Renault est\u00e1 prestes a implementar uma nova solu\u00e7\u00e3o na sua gama de modelos, com o objetivo de reduzir custos nos carros el\u00e9tricos.\n<\/p>\n<p>O <a href=\"https:\/\/www.razaoautomovel.com\/etiqueta\/grupo-renault\" rel=\"nofollow noopener\" target=\"_blank\">Grupo Renault<\/a> vai expandir a sua oferta de baterias, com novas op\u00e7\u00f5es a pre\u00e7os potencialmente mais competitivos. At\u00e9 agora, todos os el\u00e9tricos da marca francesa vinham equipados com baterias NMC (N\u00edquel, Mangan\u00eas e Cobalto). Mas, dentro de pouco tempo, vai existir uma segunda op\u00e7\u00e3o, uma bateria LFP (Fosfato de Ferro-L\u00edtio).<\/p>\n<p>No <a href=\"https:\/\/www.razaoautomovel.com\/etiqueta\/salao-de-munique-2025\" rel=\"nofollow noopener\" target=\"_blank\">Sal\u00e3o de Munique<\/a> (IAA 2025), o diretor-executivo do Grupo Renault, Fran\u00e7ois Provost, revelou que todos os modelos el\u00e9tricos desenvolvidos sob o plano estrat\u00e9gico Renaulution, lan\u00e7ado em 2021, passar\u00e3o a ter uma op\u00e7\u00e3o de <a href=\"https:\/\/www.razaoautomovel.com\/etiqueta\/baterias-lfp\" rel=\"nofollow noopener\" target=\"_blank\">bateria LFP<\/a>. <\/p>\n<p>\u201cTemos de alcan\u00e7ar os nossos melhores concorrentes\u201d, disse o executivo, referindo-se aos construtores chineses. No ano passado, 75% dos el\u00e9tricos vendidos na China tinham baterias LFP, enquanto na Europa esse n\u00famero era de apenas 10%, segundo dados da International Energy Agency.<\/p>\n<p>Descubra o seu pr\u00f3ximo autom\u00f3vel:<\/p>\n<p>As baterias LFP e as NMC, al\u00e9m da qu\u00edmica, diferem sobretudo no custo e no desempenho. As LFP s\u00e3o mais baratas de produzir, mas t\u00eam uma menor densidade energ\u00e9tica, o que limita a autonomia. J\u00e1 as NMC, embora sejam mais caras de produzir, oferecem uma maior densidade energ\u00e9tica, o que resulta em carros el\u00e9tricos mais leves e com mais autonomia.<\/p>\n<p>Novo Twingo el\u00e9trico \u00e9 o primeiro<\/p>\n<p>O primeiro modelo a ser equipado com uma bateria LFP ser\u00e1 o novo <a href=\"https:\/\/www.razaoautomovel.com\/etiqueta\/renault-twingo\" rel=\"nofollow noopener\" target=\"_blank\">Renault Twingo 100% el\u00e9trico<\/a>, cuja apresenta\u00e7\u00e3o est\u00e1 prevista para o final do ano, segundo avan\u00e7ado pelo <a href=\"https:\/\/www.autonews.com\/renault\/ane-renault-megane-lfp-0916\/\" target=\"_blank\" rel=\"noreferrer noopener nofollow\">Automotive News Europe<\/a>.<\/p>\n<p>Al\u00e9m deste, h\u00e1 ainda um outro modelo da <a href=\"https:\/\/www.razaoautomovel.com\/etiqueta\/dacia\" rel=\"nofollow noopener\" target=\"_blank\">Dacia<\/a> que tamb\u00e9m dever\u00e1 receber esta op\u00e7\u00e3o, mas ainda n\u00e3o h\u00e1 detalhes oficiais.<\/p>\n<p><img loading=\"lazy\" decoding=\"async\" width=\"2048\" height=\"1152\" src=\"data:image\/svg+xml,%3Csvg%20xmlns=\" http:=\"\" alt=\"Renault Twingo concept, frente\" class=\"wp-image-952491\" data-lazy- data-lazy- data-lazy-src=\"https:\/\/www.europesays.com\/pt\/wp-content\/uploads\/2025\/09\/renault_twingo_e-tech_prototype-2-1.webp.webp\"\/>\u00a9 Renault Na imagem, vemos o prot\u00f3tipo que antecipa o Renault Twingo 100% el\u00e9trico.<\/p>\n<p>\u201cDependendo do modelo, queremos ter uma vers\u00e3o acess\u00edvel e uma vers\u00e3o de melhor desempenho\u201d, disse Fabrice Cambolive, diretor-executivo da Renault.<\/p>\n<p>Tamb\u00e9m o <a href=\"https:\/\/www.razaoautomovel.com\/etiqueta\/renault-megane-e-tech\" rel=\"nofollow noopener\" target=\"_blank\">Renault M\u00e9gane E-Tech<\/a>, que ser\u00e1 atualizado no pr\u00f3ximo ano, dever\u00e1 ser lan\u00e7ado com uma op\u00e7\u00e3o de bateria LFP.<\/p>\n<p>O Grupo Renault n\u00e3o \u00e9 pioneiro nesta estrat\u00e9gia na Europa. A Volvo lan\u00e7ou o EX30 com baterias LFP e NMC, enquanto a Mercedes-Benz tamb\u00e9m planeia oferecer a nova gera\u00e7\u00e3o do Classe A com uma op\u00e7\u00e3o de bateria LFP.<\/p>\n<p>\t\t\tSabe esta resposta?<br \/>\n\t\t\tQual era a pot\u00eancia do BMW 333i (E30)?<\/p>\n","protected":false},"excerpt":{"rendered":"O Grupo Renault est\u00e1 prestes a implementar uma nova solu\u00e7\u00e3o na sua gama de modelos, com o objetivo&hellip;\n","protected":false},"author":2,"featured_media":79595,"comment_status":"","ping_status":"","sticky":false,"template":"","format":"standard","meta":{"footnotes":""},"categories":[83],"tags":[307,20488,88,89,428,90,295,32,33,1156],"class_list":{"0":"post-79594","1":"post","2":"type-post","3":"status-publish","4":"format-standard","5":"has-post-thumbnail","7":"category-empresas","8":"tag-baterias","9":"tag-baterias-lfp","10":"tag-business","11":"tag-economy","12":"tag-eletricos","13":"tag-empresas","14":"tag-industria","15":"tag-portugal","16":"tag-pt","17":"tag-renault"},"share_on_mastodon":{"url":"","error":""},"_links":{"self":[{"href":"https:\/\/www.europesays.com\/pt\/wp-json\/wp\/v2\/posts\/79594","targetHints":{"allow":["GET"]}}],"collection":[{"href":"https:\/\/www.europesays.com\/pt\/wp-json\/wp\/v2\/posts"}],"about":[{"href":"https:\/\/www.europesays.com\/pt\/wp-json\/wp\/v2\/types\/post"}],"author":[{"embeddable":true,"href":"https:\/\/www.europesays.com\/pt\/wp-json\/wp\/v2\/users\/2"}],"replies":[{"embeddable":true,"href":"https:\/\/www.europesays.com\/pt\/wp-json\/wp\/v2\/comments?post=79594"}],"version-history":[{"count":0,"href":"https:\/\/www.europesays.com\/pt\/wp-json\/wp\/v2\/posts\/79594\/revisions"}],"wp:featuredmedia":[{"embeddable":true,"href":"https:\/\/www.europesays.com\/pt\/wp-json\/wp\/v2\/media\/79595"}],"wp:attachment":[{"href":"https:\/\/www.europesays.com\/pt\/wp-json\/wp\/v2\/media?parent=79594"}],"wp:term":[{"taxonomy":"category","embeddable":true,"href":"https:\/\/www.europesays.com\/pt\/wp-json\/wp\/v2\/categories?post=79594"},{"taxonomy":"post_tag","embeddable":true,"href":"https:\/\/www.europesays.com\/pt\/wp-json\/wp\/v2\/tags?post=79594"}],"curies":[{"name":"wp","href":"https:\/\/api.w.org\/{rel}","templated":true}]}}