{"id":79750,"date":"2025-09-20T20:53:45","date_gmt":"2025-09-20T20:53:45","guid":{"rendered":"https:\/\/www.europesays.com\/pt\/79750\/"},"modified":"2025-09-20T20:53:45","modified_gmt":"2025-09-20T20:53:45","slug":"candidato-ps-joao-azevedo-considera-acordo-com-chega","status":"publish","type":"post","link":"https:\/\/www.europesays.com\/pt\/79750\/","title":{"rendered":"Candidato PS Jo\u00e3o Azevedo Considera Acordo com Chega"},"content":{"rendered":"<p>Jo\u00e3o Azevedo, vereador sem pelouro em Viiseu e ex-presidente do munic\u00edpio de Mangualde, \u00e9 candidato do PS \u00e0 C\u00e2mara de Viseu e assumiu, \u00e0 R\u00e1dio Observador que pondera um acordo com o Chega em caso de elei\u00e7\u00e3o minorit\u00e1ria. &#8220;<strong>Governamos numa autonomia pol\u00edtica, n\u00e3o temos raz\u00f5es para colocar de parte quem quer que seja<\/strong>, nunca levei as coisas para a bandeira partid\u00e1ria. <strong>Quero respeitar as pessoas com todos os que querem Viseu mais moderna, mais vencimentos e empregabilidade. Todos s\u00e3o importantes&#8221;, <\/strong>disse Jo\u00e3o Azevedo. <\/p>\n<p>A declara\u00e7\u00e3o pode confrontar diretamente o que Jos\u00e9 Lu\u00eds Carneiro indicou aos autarcas e munic\u00edpios, estabelecendo que certos princ\u00edpios n\u00e3o podem ser negociados. <strong>Sem referir concretamente o Chega, foi pedido aos militantes que n\u00e3o procurassem coliga\u00e7\u00f5es com partidos que se distanciassem da linha ideol\u00f3gica dos socialistas.<\/strong> <\/p>\n<p>&#8220;N\u00e3o sei. A indica\u00e7\u00e3o nacional \u00e9 feita por quem tem essa autoridade. N\u00f3s decidimos, com grande respeito pelas institui\u00e7\u00f5es. \u00c9 o nosso quadro objetivo e de autonomia que temos. N<strong>\u00e3o \u00e9 problema nenhum. Ali\u00e1s, no passado n\u00e3o estando a governar percebi que havia problemas na maioria, desde que as pessoas estejam pelo bem n\u00e3o h\u00e1 problemas&#8221;, respondeu quando confrontado com o poss\u00edvel desrespeito pela indica\u00e7\u00e3o do secret\u00e1rio-geral do PS.<\/strong><\/p>\n<p>&#8220;Vamos ganhar as elei\u00e7\u00f5es, essa quest\u00e3o n\u00e3o se coloca&#8221;, asseverou Jo\u00e3o Azevedo, <strong>negando, por outro lado, contribuir para que o PSD, em caso de vit\u00f3ria minorit\u00e1ria, tenha apoio para a estabilidade governativa.<\/strong><\/p>\n<p>Bernardo Pessanha, candidato do Chega, n\u00e3o fecha a porta a um acordo. &#8220;O Chega \u00e9 uma for\u00e7a contundente na a\u00e7\u00e3o pol\u00edtica e no discurso, mas pugna pela estabilidade. Consoante os resultados saberemos fazer a leitura correta&#8221;, antecipou.<\/p>\n","protected":false},"excerpt":{"rendered":"Jo\u00e3o Azevedo, vereador sem pelouro em Viiseu e ex-presidente do munic\u00edpio de Mangualde, \u00e9 candidato do PS \u00e0&hellip;\n","protected":false},"author":2,"featured_media":79751,"comment_status":"","ping_status":"","sticky":false,"template":"","format":"standard","meta":{"footnotes":""},"categories":[10],"tags":[20517,27,28,20515,1736,15,16,14,20516,2433,25,26,21,22,12,13,19,20,15086,32,23,24,33,17,18,29,30,31],"class_list":{"0":"post-79750","1":"post","2":"type-post","3":"status-publish","4":"format-standard","5":"has-post-thumbnail","7":"category-portugal","8":"tag-bernardo-pessanha","9":"tag-breaking-news","10":"tag-breakingnews","11":"tag-camara-de-viseu","12":"tag-chega","13":"tag-featured-news","14":"tag-featurednews","15":"tag-headlines","16":"tag-joao-azevedo","17":"tag-jose-luis-carneiro","18":"tag-latest-news","19":"tag-latestnews","20":"tag-main-news","21":"tag-mainnews","22":"tag-news","23":"tag-noticias","24":"tag-noticias-principais","25":"tag-noticiasprincipais","26":"tag-partido-socialista","27":"tag-portugal","28":"tag-principais-noticias","29":"tag-principaisnoticias","30":"tag-pt","31":"tag-top-stories","32":"tag-topstories","33":"tag-ultimas","34":"tag-ultimas-noticias","35":"tag-ultimasnoticias"},"share_on_mastodon":{"url":"","error":""},"_links":{"self":[{"href":"https:\/\/www.europesays.com\/pt\/wp-json\/wp\/v2\/posts\/79750","targetHints":{"allow":["GET"]}}],"collection":[{"href":"https:\/\/www.europesays.com\/pt\/wp-json\/wp\/v2\/posts"}],"about":[{"href":"https:\/\/www.europesays.com\/pt\/wp-json\/wp\/v2\/types\/post"}],"author":[{"embeddable":true,"href":"https:\/\/www.europesays.com\/pt\/wp-json\/wp\/v2\/users\/2"}],"replies":[{"embeddable":true,"href":"https:\/\/www.europesays.com\/pt\/wp-json\/wp\/v2\/comments?post=79750"}],"version-history":[{"count":0,"href":"https:\/\/www.europesays.com\/pt\/wp-json\/wp\/v2\/posts\/79750\/revisions"}],"wp:featuredmedia":[{"embeddable":true,"href":"https:\/\/www.europesays.com\/pt\/wp-json\/wp\/v2\/media\/79751"}],"wp:attachment":[{"href":"https:\/\/www.europesays.com\/pt\/wp-json\/wp\/v2\/media?parent=79750"}],"wp:term":[{"taxonomy":"category","embeddable":true,"href":"https:\/\/www.europesays.com\/pt\/wp-json\/wp\/v2\/categories?post=79750"},{"taxonomy":"post_tag","embeddable":true,"href":"https:\/\/www.europesays.com\/pt\/wp-json\/wp\/v2\/tags?post=79750"}],"curies":[{"name":"wp","href":"https:\/\/api.w.org\/{rel}","templated":true}]}}