{"id":79789,"date":"2025-09-20T21:28:07","date_gmt":"2025-09-20T21:28:07","guid":{"rendered":"https:\/\/www.europesays.com\/pt\/79789\/"},"modified":"2025-09-20T21:28:07","modified_gmt":"2025-09-20T21:28:07","slug":"ha-mais-portugueses-a-querer-visitar-o-japao-viagens-custam-no-minimo-2657-euros","status":"publish","type":"post","link":"https:\/\/www.europesays.com\/pt\/79789\/","title":{"rendered":"H\u00e1 mais portugueses a querer visitar o Jap\u00e3o. Viagens custam no m\u00ednimo 2657 euros"},"content":{"rendered":"<p>As viagens de turistas portugueses para o Jap\u00e3o est\u00e3o a aumentar e o destino asi\u00e1tico \u00e9 cada vez mais a primeira escolha na hora de tirar alguns dias de descanso. A procura aumentou 50% em rela\u00e7\u00e3o ao ano passado e nem os pre\u00e7os, no m\u00ednimo de 2657 euros, travam a corrida por este destino tur\u00edstico. A Expo Osaka 2025, que decorre at\u00e9 13 de outubro, est\u00e1 entre as explica\u00e7\u00f5es para estes n\u00fameros.<\/p>\n<p data-remotead-prev-elm=\"true\" data-remotead-elm-id=\"inread\">A ag\u00eancia de viagens El Corte Ingl\u00e9s registou um aumento de vendas na ordem de 94% entre janeiro e setembro, sobretudo nos primeiros tr\u00eas meses do ano. A procura centra-se nos pacotes de viagens organizadas e com guia inclu\u00eddos. Tamb\u00e9m a ag\u00eancia Abreu confirmou um &#8220;aumento consider\u00e1vel da procura&#8221; entre os 30 a 50%, com uma m\u00e9dia de seis a 13 noite reservadas. As \u00e9pocas mais requeridas para visitar o Jap\u00e3o foram as f\u00e9rias da P\u00e1scoa e entre junho a agosto.<\/p>\n","protected":false},"excerpt":{"rendered":"As viagens de turistas portugueses para o Jap\u00e3o est\u00e3o a aumentar e o destino asi\u00e1tico \u00e9 cada vez&hellip;\n","protected":false},"author":2,"featured_media":79790,"comment_status":"","ping_status":"","sticky":false,"template":"","format":"standard","meta":{"footnotes":""},"categories":[50],"tags":[27,28,15,16,14,461,25,26,21,22,62,619,12,13,19,20,23,24,17,18,1456,29,30,31,1080,63,64,65],"class_list":{"0":"post-79789","1":"post","2":"type-post","3":"status-publish","4":"format-standard","5":"has-post-thumbnail","7":"category-mundo","8":"tag-breaking-news","9":"tag-breakingnews","10":"tag-featured-news","11":"tag-featurednews","12":"tag-headlines","13":"tag-japao","14":"tag-latest-news","15":"tag-latestnews","16":"tag-main-news","17":"tag-mainnews","18":"tag-mundo","19":"tag-nacional","20":"tag-news","21":"tag-noticias","22":"tag-noticias-principais","23":"tag-noticiasprincipais","24":"tag-principais-noticias","25":"tag-principaisnoticias","26":"tag-top-stories","27":"tag-topstories","28":"tag-turismo","29":"tag-ultimas","30":"tag-ultimas-noticias","31":"tag-ultimasnoticias","32":"tag-viagens","33":"tag-world","34":"tag-world-news","35":"tag-worldnews"},"share_on_mastodon":{"url":"","error":""},"_links":{"self":[{"href":"https:\/\/www.europesays.com\/pt\/wp-json\/wp\/v2\/posts\/79789","targetHints":{"allow":["GET"]}}],"collection":[{"href":"https:\/\/www.europesays.com\/pt\/wp-json\/wp\/v2\/posts"}],"about":[{"href":"https:\/\/www.europesays.com\/pt\/wp-json\/wp\/v2\/types\/post"}],"author":[{"embeddable":true,"href":"https:\/\/www.europesays.com\/pt\/wp-json\/wp\/v2\/users\/2"}],"replies":[{"embeddable":true,"href":"https:\/\/www.europesays.com\/pt\/wp-json\/wp\/v2\/comments?post=79789"}],"version-history":[{"count":0,"href":"https:\/\/www.europesays.com\/pt\/wp-json\/wp\/v2\/posts\/79789\/revisions"}],"wp:featuredmedia":[{"embeddable":true,"href":"https:\/\/www.europesays.com\/pt\/wp-json\/wp\/v2\/media\/79790"}],"wp:attachment":[{"href":"https:\/\/www.europesays.com\/pt\/wp-json\/wp\/v2\/media?parent=79789"}],"wp:term":[{"taxonomy":"category","embeddable":true,"href":"https:\/\/www.europesays.com\/pt\/wp-json\/wp\/v2\/categories?post=79789"},{"taxonomy":"post_tag","embeddable":true,"href":"https:\/\/www.europesays.com\/pt\/wp-json\/wp\/v2\/tags?post=79789"}],"curies":[{"name":"wp","href":"https:\/\/api.w.org\/{rel}","templated":true}]}}