{"id":80021,"date":"2025-09-21T01:20:18","date_gmt":"2025-09-21T01:20:18","guid":{"rendered":"https:\/\/www.europesays.com\/pt\/80021\/"},"modified":"2025-09-21T01:20:18","modified_gmt":"2025-09-21T01:20:18","slug":"fc-porto-soma-pontos-com-golos-irregulares-e-penaltis-por-marcar","status":"publish","type":"post","link":"https:\/\/www.europesays.com\/pt\/80021\/","title":{"rendered":"FC Porto soma pontos com golos irregulares e pen\u00e1ltis por marcar"},"content":{"rendered":"<p>Mais um jogo, mais um cat\u00e1logo de erros a favor do FC Porto.<\/p>\n<p>O primeiro golo nasce de um fora de jogo de posi\u00e7\u00e3o. Nada de linhas, nada de interven\u00e7\u00e3o do VAR, nada de nada. Siga. Poucos minutos depois, um lance ainda mais claro: um jogador do FC Porto defende a bola com os bra\u00e7os dentro da \u00e1rea, quase como se fosse o Diogo Costa na baliza. Era pen\u00e1lti e vermelho. Resultado? Nem pen\u00e1lti, nem cart\u00e3o, nem revis\u00e3o do VAR.<\/p>\n<p>Curioso \u00e9 que antes da partida, um dos \u201ccartilheiros\u201d azuis e brancos usou a rede X para tentar condicionar o \u00e1rbitro, acusando-o de seguir p\u00e1ginas ligadas ao Benfica. A cartilha \u00e9 sempre a mesma: desviar aten\u00e7\u00f5es antes para justificar o depois.<\/p>\n<blockquote class=\"twitter-tweet\">\n<p lang=\"pt\" dir=\"ltr\">Que n\u00e3o seja um ser\u00e3o com missa cantada. <a href=\"https:\/\/t.co\/AfnS0KTO7I\" rel=\"nofollow\">pic.twitter.com\/AfnS0KTO7I<\/a><\/p>\n<p>\u2014 Tiago Silva (@hugotiago_) <a href=\"https:\/\/twitter.com\/hugotiago_\/status\/1969008555672895925?ref_src=twsrc%5Etfw\" rel=\"nofollow noopener\" target=\"_blank\">September 19, 2025<\/a><\/p>\n<\/blockquote>\n<p>A verdade \u00e9 que os factos falam por si: mais um pen\u00e1lti perdoado, mais um golo irregular validado, mais uma jornada em que o FC Porto sai beneficiado.<\/p>\n<p>E enquanto as aten\u00e7\u00f5es andam centradas nas elei\u00e7\u00f5es do Benfica e no mediatismo da chegada de Mourinho, h\u00e1 um clube que vai somando pontos \u00e0 boleia de arbitragens \u201cdistra\u00eddas\u201d. Coincid\u00eancia? Nem pensar.<\/p>\n<p>\t\t\tCopy URL<br \/>\n\t\t\tURL Copied\n\t\t<\/p>\n<p>Segue-nos<\/p>\n<p>\t\t\t\t\t\t\t\t\t\t<a href=\"https:\/\/news.google.com\/publications\/CAAqJAgKIh5DQklTRUFnTWFnd0tDbWgxWjI5bmFXd3VjSFFvQUFQAQ?hl=pt-PT&amp;gl=PT&amp;ceid=PT%3Apt-150\" title=\"Google News\" target=\"_blank\" rel=\"nofollow noopener\" class=\"post-followus-btn google-new-btn\"><br \/>\n\t\t\t\t\t\t<img loading=\"lazy\" decoding=\"async\" src=\"data:image\/svg+xml,%3Csvg%20xmlns=\" http:=\"\" alt=\"Google News\" width=\"120\" height=\"22\" data-lazy-src=\"https:\/\/hugogil.pt\/wp-content\/themes\/jannah\/assets\/images\/google-news.svg\"\/><br \/>\n\t\t\t\t\t<\/a><\/p>\n<p>\t<script async src=\"https:\/\/platform.twitter.com\/widgets.js\" charset=\"utf-8\"><\/script><\/p>\n","protected":false},"excerpt":{"rendered":"Mais um jogo, mais um cat\u00e1logo de erros a favor do FC Porto. O primeiro golo nasce de&hellip;\n","protected":false},"author":2,"featured_media":80022,"comment_status":"","ping_status":"","sticky":false,"template":"","format":"standard","meta":{"footnotes":""},"categories":[8],"tags":[20567,27,28,10501,15,16,14,25,26,21,22,12,13,19,20,32,23,24,33,17,18,29,30,31,20568],"class_list":{"0":"post-80021","1":"post","2":"type-post","3":"status-publish","4":"format-standard","5":"has-post-thumbnail","7":"category-principais-noticias","8":"tag-anzhony-rodrigues","9":"tag-breaking-news","10":"tag-breakingnews","11":"tag-casos-25-26","12":"tag-featured-news","13":"tag-featurednews","14":"tag-headlines","15":"tag-latest-news","16":"tag-latestnews","17":"tag-main-news","18":"tag-mainnews","19":"tag-news","20":"tag-noticias","21":"tag-noticias-principais","22":"tag-noticiasprincipais","23":"tag-portugal","24":"tag-principais-noticias","25":"tag-principaisnoticias","26":"tag-pt","27":"tag-top-stories","28":"tag-topstories","29":"tag-ultimas","30":"tag-ultimas-noticias","31":"tag-ultimasnoticias","32":"tag-var-rui-silva"},"share_on_mastodon":{"url":"","error":""},"_links":{"self":[{"href":"https:\/\/www.europesays.com\/pt\/wp-json\/wp\/v2\/posts\/80021","targetHints":{"allow":["GET"]}}],"collection":[{"href":"https:\/\/www.europesays.com\/pt\/wp-json\/wp\/v2\/posts"}],"about":[{"href":"https:\/\/www.europesays.com\/pt\/wp-json\/wp\/v2\/types\/post"}],"author":[{"embeddable":true,"href":"https:\/\/www.europesays.com\/pt\/wp-json\/wp\/v2\/users\/2"}],"replies":[{"embeddable":true,"href":"https:\/\/www.europesays.com\/pt\/wp-json\/wp\/v2\/comments?post=80021"}],"version-history":[{"count":0,"href":"https:\/\/www.europesays.com\/pt\/wp-json\/wp\/v2\/posts\/80021\/revisions"}],"wp:featuredmedia":[{"embeddable":true,"href":"https:\/\/www.europesays.com\/pt\/wp-json\/wp\/v2\/media\/80022"}],"wp:attachment":[{"href":"https:\/\/www.europesays.com\/pt\/wp-json\/wp\/v2\/media?parent=80021"}],"wp:term":[{"taxonomy":"category","embeddable":true,"href":"https:\/\/www.europesays.com\/pt\/wp-json\/wp\/v2\/categories?post=80021"},{"taxonomy":"post_tag","embeddable":true,"href":"https:\/\/www.europesays.com\/pt\/wp-json\/wp\/v2\/tags?post=80021"}],"curies":[{"name":"wp","href":"https:\/\/api.w.org\/{rel}","templated":true}]}}