{"id":80114,"date":"2025-09-21T03:21:08","date_gmt":"2025-09-21T03:21:08","guid":{"rendered":"https:\/\/www.europesays.com\/pt\/80114\/"},"modified":"2025-09-21T03:21:08","modified_gmt":"2025-09-21T03:21:08","slug":"recanto-nosso-lar-reforca-importancia-da-informacao-sobre-o-alzheimer","status":"publish","type":"post","link":"https:\/\/www.europesays.com\/pt\/80114\/","title":{"rendered":"Recanto Nosso Lar refor\u00e7a import\u00e2ncia da informa\u00e7\u00e3o sobre o Alzheimer"},"content":{"rendered":"<p>Ao falar sobre a Doen\u00e7a de Alzheimer em Catanduva, o nome do Recanto Nosso Lar logo vem \u00e0 mente. A institui\u00e7\u00e3o atende cerca de 40 senhoras idosas com Alzheimer e outras doen\u00e7as cong\u00eaneres, oferecendo tratamento m\u00e9dico, assist\u00eancia material e espiritual, al\u00e9m de carinho.<\/p>\n<p>A Associa\u00e7\u00e3o Beneficente Recanto Nosso Lar iniciou suas atividades em 1994, depois de dois anos de preparativos, e desde ent\u00e3o j\u00e1 cuidou de mais de 400 idosas. O trabalho recebe o apoio de organiza\u00e7\u00f5es da sociedade civil, clubes de servi\u00e7o e da popula\u00e7\u00e3o, que faz doa\u00e7\u00f5es.<\/p>\n<p>Segundo o presidente da institui\u00e7\u00e3o, Anelino de Jesus Rocha, o Lino, tudo come\u00e7ou em 1992 quando um grupo de abnegados, cerca de 50, decidiu ocupar o pr\u00e9dio pertencente \u00e0 Associa\u00e7\u00e3o Esp\u00edrita Nosso Lar, na rua Teresina, para criar um abrigo para senhoras idosas.<\/p>\n<p>Foram dois anos de reforma e prepara\u00e7\u00e3o at\u00e9 que foi recebida a primeira interna. No per\u00edodo, foi f\u00e1cil constatar que as idosas portadoras de Alzheimer n\u00e3o tinham onde ficar, por n\u00e3o serem acolhidas pelas outras entidades. \u201cMisturar pessoas com dem\u00eancia com outras que gozam da raz\u00e3o \u00e9 muito dif\u00edcil, ent\u00e3o foi op\u00e7\u00e3o minha come\u00e7ar a trabalhar com o Alzheimer\u201d, conta.<\/p>\n<p>Ele frisa que o atendimento \u00e0s pessoas com doen\u00e7a mental \u00e9 mais dif\u00edcil e exige equipe maior do que a vista em outras institui\u00e7\u00f5es. \u201cMuitas dessas pessoas precisam de um cuidado especial que a fam\u00edlia n\u00e3o tem como cuidar, n\u00e3o tem condi\u00e7\u00f5es ou espa\u00e7o e at\u00e9 falta de conhecimento t\u00e9cnico. E \u00e9 a\u00ed que a gente entra para dar esse aporte \u00e0 fam\u00edlia\u201d, pontua Lino.<\/p>\n<p>O trabalho envolve m\u00e9dico, enfermeiras, t\u00e9cnicas e auxiliares de enfermagem, cuidadores de idosos, nutricionista, psic\u00f3loga, assistente social, cozinheiras, copeiras e faxineiras.<\/p>\n<p><strong>COMO AJUDAR<\/strong><\/p>\n<p>O Dia Mundial da Doen\u00e7a do Alzheimer, celebrado neste domingo, 21, \u00e9 utilizado anualmente pelo Recanto Nosso Lar para divulga\u00e7\u00f5es sobre o trabalho da entidade. O objetivo \u00e9 simples: mostrar que a institui\u00e7\u00e3o existe e como que as pessoas podem contribuir para o projeto.<\/p>\n<p>As principais necessidades s\u00e3o alimentos e fraldas geri\u00e1tricas, mas tamb\u00e9m \u00e9 poss\u00edvel fazer doa\u00e7\u00f5es via Pix. Quem preferir pode se cadastrar e contribuir mensalmente. O endere\u00e7o \u00e9 rua Teresina, 1.106, na Vila Santo Ant\u00f4nio, em Catanduva. O telefone \u00e9 17 3522-2265.<\/p>\n<p><strong>Aten\u00e7\u00e3o aos primeiros sintomas<\/strong><\/p>\n<p>A Doen\u00e7a de Alzheimer \u00e9 uma das formas mais comuns de dem\u00eancia. Trata-se de condi\u00e7\u00e3o progressiva causada pelo ac\u00famulo das prote\u00ednas tau e beta-amiloide no c\u00e9rebro, que acabam por deteriorar as regi\u00f5es e estruturas cerebrais. Quando essas prote\u00ednas n\u00e3o desempenham suas fun\u00e7\u00f5es adequadamente, as sinapses, que s\u00e3o as conex\u00f5es entre os neur\u00f4nios, deixam de funcionar, resultando na morte desses neur\u00f4nios devido a esse mau funcionamento.<\/p>\n<p>As \u00e1reas mais afetadas s\u00e3o as associadas \u00e0 mem\u00f3ria, aprendizagem e coordena\u00e7\u00e3o motora. Cada paciente com Alzheimer \u00e9 acometido de forma diferente e \u00fanica. No entanto, existem pontos em comum: o sintoma prim\u00e1rio mais comum, por exemplo, \u00e9 a perda de mem\u00f3ria \u2013 e, por isso, muitas vezes, os primeiros sintomas s\u00e3o confundidos com o problema de idade ou estresse.<\/p>\n<p>Com o avan\u00e7ar da doen\u00e7a, v\u00e3o aparecendo novos sintomas como confus\u00e3o mental, irritabilidade, agressividade, altera\u00e7\u00f5es de humor, falhas na linguagem, perda de mem\u00f3ria em longo prazo e o paciente come\u00e7a a desligar-se da realidade. O tratamento visa minimizar os sintomas, proteger o sistema nervoso e retardar o m\u00e1ximo poss\u00edvel a evolu\u00e7\u00e3o da doen\u00e7a.<\/p>\n","protected":false},"excerpt":{"rendered":"Ao falar sobre a Doen\u00e7a de Alzheimer em Catanduva, o nome do Recanto Nosso Lar logo vem \u00e0&hellip;\n","protected":false},"author":2,"featured_media":80115,"comment_status":"","ping_status":"","sticky":false,"template":"","format":"standard","meta":{"footnotes":""},"categories":[86],"tags":[5628,5626,5627,1300,116,2513,13,5629,5625,32,33,117],"class_list":{"0":"post-80114","1":"post","2":"type-post","3":"status-publish","4":"format-standard","5":"has-post-thumbnail","7":"category-saude","8":"tag-blog","9":"tag-catanduva","10":"tag-catanduva-e-regiao","11":"tag-cidade","12":"tag-health","13":"tag-jornal","14":"tag-noticias","15":"tag-novidades","16":"tag-o-regional","17":"tag-portugal","18":"tag-pt","19":"tag-saude"},"share_on_mastodon":{"url":"","error":""},"_links":{"self":[{"href":"https:\/\/www.europesays.com\/pt\/wp-json\/wp\/v2\/posts\/80114","targetHints":{"allow":["GET"]}}],"collection":[{"href":"https:\/\/www.europesays.com\/pt\/wp-json\/wp\/v2\/posts"}],"about":[{"href":"https:\/\/www.europesays.com\/pt\/wp-json\/wp\/v2\/types\/post"}],"author":[{"embeddable":true,"href":"https:\/\/www.europesays.com\/pt\/wp-json\/wp\/v2\/users\/2"}],"replies":[{"embeddable":true,"href":"https:\/\/www.europesays.com\/pt\/wp-json\/wp\/v2\/comments?post=80114"}],"version-history":[{"count":0,"href":"https:\/\/www.europesays.com\/pt\/wp-json\/wp\/v2\/posts\/80114\/revisions"}],"wp:featuredmedia":[{"embeddable":true,"href":"https:\/\/www.europesays.com\/pt\/wp-json\/wp\/v2\/media\/80115"}],"wp:attachment":[{"href":"https:\/\/www.europesays.com\/pt\/wp-json\/wp\/v2\/media?parent=80114"}],"wp:term":[{"taxonomy":"category","embeddable":true,"href":"https:\/\/www.europesays.com\/pt\/wp-json\/wp\/v2\/categories?post=80114"},{"taxonomy":"post_tag","embeddable":true,"href":"https:\/\/www.europesays.com\/pt\/wp-json\/wp\/v2\/tags?post=80114"}],"curies":[{"name":"wp","href":"https:\/\/api.w.org\/{rel}","templated":true}]}}