{"id":80118,"date":"2025-09-21T03:28:16","date_gmt":"2025-09-21T03:28:16","guid":{"rendered":"https:\/\/www.europesays.com\/pt\/80118\/"},"modified":"2025-09-21T03:28:16","modified_gmt":"2025-09-21T03:28:16","slug":"pedro-bial-revela-como-cazuza-e-oscar-schmidt-o-influenciaram-no-jornalismo","status":"publish","type":"post","link":"https:\/\/www.europesays.com\/pt\/80118\/","title":{"rendered":"Pedro Bial revela como Cazuza e Oscar Schmidt o influenciaram no jornalismo"},"content":{"rendered":"<p>Duas pessoas completamente distintas influenciaram <a href=\"https:\/\/natelinha.uol.com.br\/famosos\/tudo-sobre\/pedro-bial\" rel=\"nofollow noopener\" target=\"_blank\">Pedro Bial<\/a> a escolher a carreira de jornalismo: <a href=\"https:\/\/natelinha.uol.com.br\/famosos\/tudo-sobre\/cazuza\" rel=\"nofollow noopener\" target=\"_blank\">Cazuza<\/a> (1958-1990) e Oscar Schmidt. A afirma\u00e7\u00e3o foi do pr\u00f3prio apresentador em entrevista para o Companhia Certa, de <a href=\"https:\/\/natelinha.uol.com.br\/famosos\/tudo-sobre\/ronnie-von\" rel=\"nofollow noopener\" target=\"_blank\">Ronnie Von<\/a> e que vai ao ar na madrugada deste domingo (21) na <a href=\"https:\/\/natelinha.uol.com.br\/televisao\/emissoras\/redetv\" rel=\"nofollow noopener\" target=\"_blank\">RedeTV!<\/a>.<\/p>\n<p>Durante o papo, que ser\u00e1 dividido em algumas partes, o titular do Conversa com Bial, da Globo, explicou que sua trajet\u00f3ria como entrevistador come\u00e7ou muito antes da faculdade de jornalismo e tem tudo a ver com Cazuza, de quem foi muito amigo.<\/p>\n<p>+\u00a0<a href=\"https:\/\/natelinha.uol.com.br\/televisao\/2025\/09\/20\/infernal-astral-as-perdas-da-band-em-2025-231544.php\" rel=\"nofollow noopener\" target=\"_blank\">Infernal astral? As perdas da Band em 2025<\/a><\/p>\n<p>continua depois da publicidade<\/p>\n<p>+\u00a0<a href=\"https:\/\/natelinha.uol.com.br\/famosos\/2025\/09\/20\/dado-dolabella-da-unfollow-em-wanessa-apos-flagra-com-allan-souza-lima-231582.php\" rel=\"nofollow noopener\" target=\"_blank\">Dado Dolabella d\u00e1 unfollow em Wanessa ap\u00f3s flagra com Allan Souza Lima<\/a><\/p>\n<p>Como os dois estudavam juntos, a situa\u00e7\u00e3o acabou envolvendo o m\u00fasico, falecido em 1990.\u00a0&#8220;Tivemos um dever de casa, entrevistar algu\u00e9m importante, e o Jo\u00e3o Ara\u00fajo [1935-2013], pai do Cazuza, arrumou para sermos recebidos pelo poeta Vinicius de Moraes [1913-1980]&#8221;, conta o jornalista.<\/p>\n<p>&#8220;Fomos \u00e0 casa do Vinicius e ele estava tomando u\u00edsque [&#8230;] Foi minha estreia como entrevistador. Comecei com o p\u00e9 direito e, na companhia do Cazuza, foi inesquec\u00edvel&#8221;, completa ele, sem dar maiores detalhes de como teria sido a entrevista em si.<\/p>\n<p>continua depois da publicidade<\/p>\n<p>Mas isso tudo aconteceu bem antes dele virar jornalista. Al\u00e9m de Cazuza que, indiretamente o influenciou, outro nome tamb\u00e9m o fez escolher o caminho da comunica\u00e7\u00e3o: Oscar Schmidt, mas sem os mesmos tra\u00e7os de amizade do cantor e sim por uma coincid\u00eancia.<\/p>\n<p>&#8220;Fiz um interc\u00e2mbio cultural aos 15 anos e l\u00e1 joguei basquete no high school (ensino m\u00e9dio). Aprendi a import\u00e2ncia da marca\u00e7\u00e3o e, quando voltei para jogar no Brasil, me destaquei por esse fundamento, que me ajudou a chegar \u00e0 sele\u00e7\u00e3o&#8221;, come\u00e7a, explicando que poderia ter sido atleta profissional.<\/p>\n<p>\u00c9 nesta situa\u00e7\u00e3o que entra o ex-jogador da sele\u00e7\u00e3o brasileira. &#8220;Acontece que, nascido no mesmo ano que eu, 1958, havia o Oscar Schmidt. Fui da sele\u00e7\u00e3o carioca e ele da paulista. Percebi que, com o Oscar, minha op\u00e7\u00e3o seria o jornalismo. Deixei o basquete para ele&#8221;, brinca.<\/p>\n<p>continua depois da publicidade<\/p>\n<p>Anos depois, no entanto, aconteceu uma situa\u00e7\u00e3o inversa. Pedro Bial e novamente o nome de Oscar Schmidt acabaram se encontrando. Isso porque, o irm\u00e3o dele, Tadeu Schdmit, tamb\u00e9m comandou o BBB, programa que tirou Bial do jornalismo e o levou ao entretenimento.\u00a0<\/p>\n<p>\u00a0<\/p>\n","protected":false},"excerpt":{"rendered":"Duas pessoas completamente distintas influenciaram Pedro Bial a escolher a carreira de jornalismo: Cazuza (1958-1990) e Oscar Schmidt.&hellip;\n","protected":false},"author":2,"featured_media":80119,"comment_status":"","ping_status":"","sticky":false,"template":"","format":"standard","meta":{"footnotes":""},"categories":[145],"tags":[20586,211,210,114,115,9987,32,33,4343],"class_list":{"0":"post-80118","1":"post","2":"type-post","3":"status-publish","4":"format-standard","5":"has-post-thumbnail","7":"category-celebridades","8":"tag-cazuza","9":"tag-celebridades","10":"tag-celebrities","11":"tag-entertainment","12":"tag-entretenimento","13":"tag-pedro-bial","14":"tag-portugal","15":"tag-pt","16":"tag-redetv"},"share_on_mastodon":{"url":"","error":""},"_links":{"self":[{"href":"https:\/\/www.europesays.com\/pt\/wp-json\/wp\/v2\/posts\/80118","targetHints":{"allow":["GET"]}}],"collection":[{"href":"https:\/\/www.europesays.com\/pt\/wp-json\/wp\/v2\/posts"}],"about":[{"href":"https:\/\/www.europesays.com\/pt\/wp-json\/wp\/v2\/types\/post"}],"author":[{"embeddable":true,"href":"https:\/\/www.europesays.com\/pt\/wp-json\/wp\/v2\/users\/2"}],"replies":[{"embeddable":true,"href":"https:\/\/www.europesays.com\/pt\/wp-json\/wp\/v2\/comments?post=80118"}],"version-history":[{"count":0,"href":"https:\/\/www.europesays.com\/pt\/wp-json\/wp\/v2\/posts\/80118\/revisions"}],"wp:featuredmedia":[{"embeddable":true,"href":"https:\/\/www.europesays.com\/pt\/wp-json\/wp\/v2\/media\/80119"}],"wp:attachment":[{"href":"https:\/\/www.europesays.com\/pt\/wp-json\/wp\/v2\/media?parent=80118"}],"wp:term":[{"taxonomy":"category","embeddable":true,"href":"https:\/\/www.europesays.com\/pt\/wp-json\/wp\/v2\/categories?post=80118"},{"taxonomy":"post_tag","embeddable":true,"href":"https:\/\/www.europesays.com\/pt\/wp-json\/wp\/v2\/tags?post=80118"}],"curies":[{"name":"wp","href":"https:\/\/api.w.org\/{rel}","templated":true}]}}