{"id":80129,"date":"2025-09-21T03:39:05","date_gmt":"2025-09-21T03:39:05","guid":{"rendered":"https:\/\/www.europesays.com\/pt\/80129\/"},"modified":"2025-09-21T03:39:05","modified_gmt":"2025-09-21T03:39:05","slug":"papa-a-grandeza-da-justica-emerge-se-aplicada-com-fidelidade-ao-respeito-pela-pessoa","status":"publish","type":"post","link":"https:\/\/www.europesays.com\/pt\/80129\/","title":{"rendered":"Papa: a grandeza da justi\u00e7a emerge se aplicada com fidelidade ao respeito pela pessoa"},"content":{"rendered":"<p>\u201cA grandeza da justi\u00e7a n\u00e3o diminui quando se exerce nas pequenas coisas, mas emerge sempre quando \u00e9 aplicada com fidelidade ao direito e ao respeito pela pessoa\u201d. S\u00e3o palavras do Papa Le\u00e3o XIV por ocasi\u00e3o da audi\u00eancia deste s\u00e1bado (20\/09), na Pra\u00e7a S\u00e3o Pedro, pelo Jubileu dos Operadores de Justi\u00e7a.<\/p>\n<p>\n   Ou\u00e7a a reportagem com a voz do Papa e compartilhe\n  <\/p>\n<p><b>Vatican News<\/b><\/p>\n<p>Por ocasi\u00e3o do Jubileu dos Operadores de Justi\u00e7a deste s\u00e1bado, 20 de setembro, o Papa Le\u00e3o XIV recebeu os peregrinos na Pra\u00e7a S\u00e3o Pedro ap\u00f3s a sauda\u00e7\u00e3o de dom Rino Fisichella e a Lectio Magistralis de dom. Juan Ignacio Arrieta. O Pont\u00edfice iniciou o discurso falando sobre a import\u00e2ncia de refletir mais profundamente sobre a justi\u00e7a e sua fun\u00e7\u00e3o, \u201cque sabemos ser indispens\u00e1vel tanto para o desenvolvimento ordenado da sociedade quanto como virtude cardinal que inspira e orienta a consci\u00eancia de cada homem e mulher\u201d. Recordando que ao desempenhar uma fun\u00e7\u00e3o superior na conviv\u00eancia humana, a justi\u00e7a \u201cn\u00e3o pode ser reduzida \u00e0 mera aplica\u00e7\u00e3o da lei ou \u00e0 atua\u00e7\u00e3o dos ju\u00edzes, nem se limitar aos aspectos processuais\u201d.<\/p>\n<p>    <img decoding=\"async\" src=\"data:image\/gif;base64,R0lGODlhAQABAIAAAAAAAP\/\/\/yH5BAEAAAAALAAAAAABAAEAAAIBRAA7\" data-original=\"https:\/\/www.vaticannews.va\/content\/dam\/vaticannews\/agenzie\/images\/srv\/2025\/09\/20\/2025-09-20-giubileo-degli-operatori-di-giustizia\/1758365496539.JPG\/_jcr_content\/renditions\/cq5dam.thumbnail.cropped.750.422.jpeg\" alt=\"O Papa ao ouvir a sauda\u00e7\u00e3o de dom Rino Fisichella\" title=\"O Papa ao ouvir a sauda\u00e7\u00e3o de dom Rino Fisichella\"\/><\/p>\n<p>\n   O Papa ao ouvir a sauda\u00e7\u00e3o de dom Rino Fisichella \u00a0 (@VATICAN MEDIA)\n  <\/p>\n<p>Circularidade da rela\u00e7\u00e3o social <\/p>\n<p>Entre os princ\u00edpios da justi\u00e7a, o Papa Le\u00e3o disse que \u201cna justi\u00e7a, de fato, conjugam-se a dignidade da pessoa, sua rela\u00e7\u00e3o com o outro e a dimens\u00e3o da comunidade feita de conviv\u00eancia, estruturas e regras comuns. Uma circularidade da rela\u00e7\u00e3o social que coloca no centro o valor de cada ser humano, a ser preservado por meio da justi\u00e7a diante das diversas formas de conflito que podem surgir na a\u00e7\u00e3o individual, ou na perda do senso comum que pode envolver tamb\u00e9m os aparatos e as estruturas\u201d.<\/p>\n<p>A justi\u00e7a \u00e9 uma virtude <\/p>\n<p>Citando o Catecismo da Igreja Cat\u00f3lica, Le\u00e3o XIV recordou que a justi\u00e7a \u00e9 sobretudo uma virtude, ou seja, \u201cuma atitude firme e est\u00e1vel que ordena nossa conduta de acordo com a raz\u00e3o e a f\u00e9. A virtude da justi\u00e7a, em particular, consiste na \u2018vontade constante e firme de dar a Deus e ao pr\u00f3ximo o que lhes \u00e9 devido\u2019.<\/p>\n<p>O mal deve ser punido e reparado <\/p>\n<p>Ap\u00f3s citar epis\u00f3dios evang\u00e9licos em que a a\u00e7\u00e3o humana \u00e9 avaliada por uma justi\u00e7a capaz de derrotar o mal da opress\u00e3o, como lembra a insist\u00eancia da vi\u00fava que leva o juiz a reencontrar o sentido da justi\u00e7a, com a miseric\u00f3rdia e com o perd\u00e3o, Le\u00e3o afirmou: \u201c\u00e9\u00a0a for\u00e7a do perd\u00e3o, pr\u00f3pria do mandamento do amor, que emerge como elemento constitutivo de uma justi\u00e7a capaz de conjugar o sobrenatural com o humano\u201d. Continuando, ele disse ainda:<\/p>\n<blockquote>\n<p>\u201cA justi\u00e7a evang\u00e9lica, portanto, n\u00e3o se afasta da humana, mas a questiona e redesenha: ela a provoca a ir sempre al\u00e9m, porque a impele \u00e0 busca da reconcilia\u00e7\u00e3o. O mal, de fato, n\u00e3o deve apenas ser punido, mas reparado, e para isso \u00e9 necess\u00e1rio um olhar profundo para o bem das pessoas e o bem comum.\u201d<\/p>\n<\/blockquote>\n<p>A igualdade \u00e9 ver os direitos inerentes \u00e0 dignidade garantidos <\/p>\n<p>\u201cComo se sabe\u201d, continuou o Papa, \u201ca justi\u00e7a se concretiza quando se volta para os outros, quando a cada um \u00e9 dado o que lhe \u00e9 devido, at\u00e9 alcan\u00e7ar a igualdade em dignidade e oportunidades\u201d. Por\u00e9m, ponderou o Pont\u00edfice, \u201ca verdadeira igualdade, \u00e9 a possibilidade dada a todos de realizar suas aspira\u00e7\u00f5es e ver os direitos inerentes \u00e0 sua dignidade garantidos por um sistema de valores comuns e compartilhados, capazes de inspirar normas e leis nas quais se baseia o funcionamento das institui\u00e7\u00f5es\u201d. \u201cHoje\u201d, disse ainda o Papa sobre esse ponto, \u201co que motiva os operadores da justi\u00e7a \u00e9 justamente a busca ou a recupera\u00e7\u00e3o dos valores esquecidos na conviv\u00eancia, seu cuidado e seu respeito\u201d. Advertindo em seguida que se trata de \u201cum processo \u00fatil e necess\u00e1rio, diante do surgimento de comportamentos e estrat\u00e9gias que demonstram desprezo pela vida humana desde o seu in\u00edcio, que negam direitos b\u00e1sicos \u00e0 exist\u00eancia pessoal e n\u00e3o respeitam a consci\u00eancia da qual brotam as liberdades\u201d.<\/p>\n<p>Para a justi\u00e7a: aten\u00e7\u00e3o constante, desinteresse radical e discernimento ass\u00edduo <\/p>\n<p>Citando Santo Agostinho, \u201ca justi\u00e7a n\u00e3o \u00e9 tal se n\u00e3o for ao mesmo tempo prudente, forte e moderada\u201d, o Papa Le\u00e3o afirmou que isso \u201crequer a capacidade de pensar sempre \u00e0 luz da verdade e da sabedoria, de interpretar a lei indo em profundidade, al\u00e9m da dimens\u00e3o puramente formal, para captar o sentido \u00edntimo da verdade a que servimos\u201d. Portanto buscar a justi\u00e7a \u201crequer am\u00e1-la como uma realidade que s\u00f3 pode ser alcan\u00e7ada se combinarmos aten\u00e7\u00e3o constante, desinteresse radical e discernimento ass\u00edduo\u201d. \u201cQuando se exerce a justi\u00e7a, de fato, coloca-se a servi\u00e7o das pessoas, do povo e do Estado, com dedica\u00e7\u00e3o plena e constante\u201d. Explicando em seguida que a \u201cgrandeza da justi\u00e7a n\u00e3o diminui quando se exerce nas pequenas coisas, mas emerge sempre quando \u00e9 aplicada com fidelidade ao direito e ao respeito pela pessoa, em qualquer parte do mundo que ela se encontre\u201d.<\/p>\n<p>Ter \u201cfome e sede de justi\u00e7a\u201d <\/p>\n<p>\u201cBem-aventurados os que t\u00eam fome e sede de justi\u00e7a, porque ser\u00e3o saciados\u201d (Mt 5,6). Com essa bem-aventuran\u00e7a, explicou o Papa, o Senhor Jesus quis expressar a tens\u00e3o espiritual \u00e0 qual \u00e9 necess\u00e1rio estar aberto, n\u00e3o s\u00f3 para obter a verdadeira justi\u00e7a, mas sobretudo para procur\u00e1-la por parte daqueles que devem realiz\u00e1-la nas diferentes situa\u00e7\u00f5es hist\u00f3ricas.<\/p>\n<p>\u201cTer \u2018fome e sede\u2019 de justi\u00e7a equivale a estar consciente de que ela exige um esfor\u00e7o pessoal para interpretar a lei da forma mais humana poss\u00edvel, mas, acima de tudo, exige tender para uma \u2018saciedade\u2019 que s\u00f3 pode ser alcan\u00e7ada numa justi\u00e7a maior, que transcende as situa\u00e7\u00f5es particulares\u201d.<\/p>\n<p>\u201cO Estado, no qual n\u00e3o h\u00e1 justi\u00e7a, n\u00e3o \u00e9 um Estado\u201d <\/p>\n<p>Por fim, Le\u00e3o XIV convidou a refletir sobre a realidade de muitos pa\u00edses que t\u00eam \u201cfome e sede de justi\u00e7a\u201d, porque as suas condi\u00e7\u00f5es de vida s\u00e3o t\u00e3o injustas e desumanas que se tornam inaceit\u00e1veis. Com palavras de Santo Agostinho recordou: \u201csem justi\u00e7a n\u00e3o se pode administrar o Estado; \u00e9 imposs\u00edvel que haja direito em um Estado onde n\u00e3o h\u00e1 verdadeira justi\u00e7a. [&#8230;] O Estado, no qual n\u00e3o h\u00e1 justi\u00e7a, n\u00e3o \u00e9 um Estado. A justi\u00e7a, de fato, \u00e9 a virtude que distribui a cada um o que lhe pertence. Portanto, n\u00e3o \u00e9 justi\u00e7a do homem aquela que subtrai o pr\u00f3prio homem do Deus verdadeiro\u201d. Em conclus\u00e3o, o Papa desejou que as palavras inspiradoras de Santo Agostinho motivem cada um a exercer sempre da melhor forma a justi\u00e7a a servi\u00e7o do povo, com os olhos voltados para Deus, de modo a respeitar plenamente a justi\u00e7a, o direito e a dignidade das pessoas.<\/p>\n<p>\n   Papa Le\u00e3o XIV e o Jubileu dos Operadores de Justi\u00e7a\n  <\/p>\n","protected":false},"excerpt":{"rendered":"\u201cA grandeza da justi\u00e7a n\u00e3o diminui quando se exerce nas pequenas coisas, mas emerge sempre quando \u00e9 aplicada&hellip;\n","protected":false},"author":2,"featured_media":80130,"comment_status":"","ping_status":"","sticky":false,"template":"","format":"standard","meta":{"footnotes":""},"categories":[50],"tags":[1330,27,28,15,16,14,3992,603,25,26,21,22,62,12,13,19,20,811,23,24,17,18,29,30,31,63,64,65],"class_list":{"0":"post-80129","1":"post","2":"type-post","3":"status-publish","4":"format-standard","5":"has-post-thumbnail","7":"category-mundo","8":"tag-jubileu2025","9":"tag-breaking-news","10":"tag-breakingnews","11":"tag-featured-news","12":"tag-featurednews","13":"tag-headlines","14":"tag-jubileu","15":"tag-justica","16":"tag-latest-news","17":"tag-latestnews","18":"tag-main-news","19":"tag-mainnews","20":"tag-mundo","21":"tag-news","22":"tag-noticias","23":"tag-noticias-principais","24":"tag-noticiasprincipais","25":"tag-papa-leao-xiv","26":"tag-principais-noticias","27":"tag-principaisnoticias","28":"tag-top-stories","29":"tag-topstories","30":"tag-ultimas","31":"tag-ultimas-noticias","32":"tag-ultimasnoticias","33":"tag-world","34":"tag-world-news","35":"tag-worldnews"},"share_on_mastodon":{"url":"","error":""},"_links":{"self":[{"href":"https:\/\/www.europesays.com\/pt\/wp-json\/wp\/v2\/posts\/80129","targetHints":{"allow":["GET"]}}],"collection":[{"href":"https:\/\/www.europesays.com\/pt\/wp-json\/wp\/v2\/posts"}],"about":[{"href":"https:\/\/www.europesays.com\/pt\/wp-json\/wp\/v2\/types\/post"}],"author":[{"embeddable":true,"href":"https:\/\/www.europesays.com\/pt\/wp-json\/wp\/v2\/users\/2"}],"replies":[{"embeddable":true,"href":"https:\/\/www.europesays.com\/pt\/wp-json\/wp\/v2\/comments?post=80129"}],"version-history":[{"count":0,"href":"https:\/\/www.europesays.com\/pt\/wp-json\/wp\/v2\/posts\/80129\/revisions"}],"wp:featuredmedia":[{"embeddable":true,"href":"https:\/\/www.europesays.com\/pt\/wp-json\/wp\/v2\/media\/80130"}],"wp:attachment":[{"href":"https:\/\/www.europesays.com\/pt\/wp-json\/wp\/v2\/media?parent=80129"}],"wp:term":[{"taxonomy":"category","embeddable":true,"href":"https:\/\/www.europesays.com\/pt\/wp-json\/wp\/v2\/categories?post=80129"},{"taxonomy":"post_tag","embeddable":true,"href":"https:\/\/www.europesays.com\/pt\/wp-json\/wp\/v2\/tags?post=80129"}],"curies":[{"name":"wp","href":"https:\/\/api.w.org\/{rel}","templated":true}]}}