{"id":80131,"date":"2025-09-21T03:42:09","date_gmt":"2025-09-21T03:42:09","guid":{"rendered":"https:\/\/www.europesays.com\/pt\/80131\/"},"modified":"2025-09-21T03:42:09","modified_gmt":"2025-09-21T03:42:09","slug":"disney-tenta-acordo-com-jimmy-kimmel-para-volta-de-atracao-20-09-2025-ilustrada","status":"publish","type":"post","link":"https:\/\/www.europesays.com\/pt\/80131\/","title":{"rendered":"Disney tenta acordo com Jimmy Kimmel para volta de atra\u00e7\u00e3o &#8211; 20\/09\/2025 &#8211; Ilustrada"},"content":{"rendered":"<p>A Disney estaria negociando com Jimmy Kimmel a volta do talk show apresentado pelo humorista ap\u00f3s a atra\u00e7\u00e3o ter sido<a href=\"https:\/\/www1.folha.uol.com.br\/ilustrada\/2025\/09\/entenda-o-que-esta-por-tras-da-suspensao-do-talk-show-de-jimmy-kimmel.shtml\" rel=\"nofollow noopener\" target=\"\"> suspensa por press\u00f5es do governo Donald Trump. <\/a>O programa \u00e9 transmitido pela ABC, que pertence \u00e0 Disney.<\/p>\n<p>De acordo com a imprensa americana, n\u00e3o h\u00e1 garantia, por\u00e9m, de que a empresa chegar\u00e1 a um acordo com o artista.<\/p>\n<p>O programa de Kimmel, um dos mais populares dos Estados Unidos, foi suspenso ap\u00f3s o apresentador ter feito coment\u00e1rios sobre o assassinato do influenciador trumpista Charlie Kirk.<\/p>\n<p>&#8220;A turma do Maga [movimento <a href=\"https:\/\/www1.folha.uol.com.br\/webstories\/mundo\/2025\/02\/trump-o-que-e-o-movimento-maga\/\" rel=\"nofollow noopener\" target=\"_blank\">Make America Great Again<\/a>] est\u00e1 desesperada para caracterizar esse garoto que matou Charlie Kirk como qualquer coisa que n\u00e3o seja um deles e fazendo de tudo para tirar proveito pol\u00edtico disso&#8221;, disse ele, no programa que foi ao ar na segunda (15).<\/p>\n<p>&#8220;Entre uma acusa\u00e7\u00e3o e outra, tamb\u00e9m houve luto&#8221;, acrescentou o apresentador durante a transmiss\u00e3o de segunda, que teria incomodado Brendan Carr, presidente da <a href=\"https:\/\/www1.folha.uol.com.br\/ilustrada\/2025\/09\/donald-trump-ameaca-retirar-licenca-de-emissoras-americanas-contrarias-a-ele.shtml\" rel=\"nofollow noopener\" target=\"_blank\">Comiss\u00e3o Federal de Comunica\u00e7\u00f5es<\/a>.<\/p>\n<p>O an\u00fancio da suspens\u00e3o foi feito pela empresa <a href=\"https:\/\/www1.folha.uol.com.br\/mercado\/2022\/01\/warnermedia-e-viacomcbs-negociam-potencial-venda-da-cw-network-diz-jornal.shtml\" rel=\"nofollow noopener\" target=\"_blank\">Nexstar<\/a>, dona de afiliadas da ABC, que v\u00eam buscando a aprova\u00e7\u00e3o da ag\u00eancia para uma grande fus\u00e3o, o que ampliaria seu alcance televisivo para 90% dos domic\u00edlios americanos.<\/p>\n<p>Segundo o Wall Street Journal, a ABC recebeu liga\u00e7\u00f5es de diversos anunciantes e afiliados que expressaram as suas preocupa\u00e7\u00f5es em rela\u00e7\u00e3o ao talk-show de Kimmel, pouco depois do programa de segunda ir ao ar. A copresidente da Disney, <a href=\"https:\/\/www1.folha.uol.com.br\/mercado\/2024\/10\/novo-presidente-da-disney-define-prazo-para-substituir-ceo-e-encerrar-disputa-que-ja-dura-uma-decada.shtml\" rel=\"nofollow noopener\" target=\"_blank\">Dana Walden<\/a>, teria ainda conversado com o apresentador sobre os seus planos para a transmiss\u00e3o do dia 17.<\/p>\n<p>De acordo com fontes pr\u00f3ximas ao caso ouvidas pelo jornal, ela e outros executivos teriam aconselhado Kimmel a n\u00e3o seguir com aquela abordagem, que segundo eles poderia piorar a situa\u00e7\u00e3o. Os executivos tamb\u00e9m discutiram sobre a seguran\u00e7a de seus funcion\u00e1rios, uma vez que a equipe do Jimmy Kimmel Live! teria recebido e-mails amea\u00e7adores pouco depois de Carr se manifestar contra a atra\u00e7\u00e3o.<\/p>\n","protected":false},"excerpt":{"rendered":"A Disney estaria negociando com Jimmy Kimmel a volta do talk show apresentado pelo humorista ap\u00f3s a atra\u00e7\u00e3o&hellip;\n","protected":false},"author":2,"featured_media":80132,"comment_status":"","ping_status":"","sticky":false,"template":"","format":"standard","meta":{"footnotes":""},"categories":[145],"tags":[211,210,92,114,115,235,236,11011,32,33,218],"class_list":{"0":"post-80131","1":"post","2":"type-post","3":"status-publish","4":"format-standard","5":"has-post-thumbnail","7":"category-celebridades","8":"tag-celebridades","9":"tag-celebrities","10":"tag-donald-trump","11":"tag-entertainment","12":"tag-entretenimento","13":"tag-estados-unidos","14":"tag-folha","15":"tag-jimmy-kimmel","16":"tag-portugal","17":"tag-pt","18":"tag-televisao"},"share_on_mastodon":{"url":"","error":""},"_links":{"self":[{"href":"https:\/\/www.europesays.com\/pt\/wp-json\/wp\/v2\/posts\/80131","targetHints":{"allow":["GET"]}}],"collection":[{"href":"https:\/\/www.europesays.com\/pt\/wp-json\/wp\/v2\/posts"}],"about":[{"href":"https:\/\/www.europesays.com\/pt\/wp-json\/wp\/v2\/types\/post"}],"author":[{"embeddable":true,"href":"https:\/\/www.europesays.com\/pt\/wp-json\/wp\/v2\/users\/2"}],"replies":[{"embeddable":true,"href":"https:\/\/www.europesays.com\/pt\/wp-json\/wp\/v2\/comments?post=80131"}],"version-history":[{"count":0,"href":"https:\/\/www.europesays.com\/pt\/wp-json\/wp\/v2\/posts\/80131\/revisions"}],"wp:featuredmedia":[{"embeddable":true,"href":"https:\/\/www.europesays.com\/pt\/wp-json\/wp\/v2\/media\/80132"}],"wp:attachment":[{"href":"https:\/\/www.europesays.com\/pt\/wp-json\/wp\/v2\/media?parent=80131"}],"wp:term":[{"taxonomy":"category","embeddable":true,"href":"https:\/\/www.europesays.com\/pt\/wp-json\/wp\/v2\/categories?post=80131"},{"taxonomy":"post_tag","embeddable":true,"href":"https:\/\/www.europesays.com\/pt\/wp-json\/wp\/v2\/tags?post=80131"}],"curies":[{"name":"wp","href":"https:\/\/api.w.org\/{rel}","templated":true}]}}