{"id":80148,"date":"2025-09-21T04:11:07","date_gmt":"2025-09-21T04:11:07","guid":{"rendered":"https:\/\/www.europesays.com\/pt\/80148\/"},"modified":"2025-09-21T04:11:07","modified_gmt":"2025-09-21T04:11:07","slug":"joao-candido-portinari-fala-sobre-legado-de-candido-portinari-durante-despertar-2025","status":"publish","type":"post","link":"https:\/\/www.europesays.com\/pt\/80148\/","title":{"rendered":"Jo\u00e3o C\u00e2ndido Portinari fala sobre legado de C\u00e2ndido Portinari durante Despertar 2025"},"content":{"rendered":"<p>ou\u00e7a este conte\u00fado<\/p>\n<p>00:00 \/ 00:00<\/p>\n<p>1x<\/p>\n<p><strong>Por Maria Clara Alc\u00e2ntara<\/strong><\/p>\n<p>A apresenta\u00e7\u00e3o come\u00e7ou com a exibi\u00e7\u00e3o de obras de Portinari e um poema feito por seu grande amigo Carlos Drummond de Andrade. O momento mostrou como o artista sofreu persegui\u00e7\u00e3o por seu vi\u00e9s pol\u00edtico e como sua obra continua atual, especialmente pela defesa da paz e da justi\u00e7a social.<\/p>\n<p><img fetchpriority=\"high\" decoding=\"async\" aria-describedby=\"caption-attachment-90971\" class=\"size-full wp-image-90971\" src=\"https:\/\/www.europesays.com\/pt\/wp-content\/uploads\/2025\/09\/20250920_ICL_DESPERTAR-345-scaled.webp.webp\" alt=\"Jo\u00e3o C\u00e2ndido Portinari relembra legado de Portinari. Cr\u00e9ditos: ICL\" width=\"1920\" height=\"1280\"\/><\/p>\n<p id=\"caption-attachment-90971\" class=\"wp-caption-text\">Jo\u00e3o C\u00e2ndido Portinari relembra legado de Portinari. Cr\u00e9ditos: ICL<\/p>\n<p>O filho do pintor, Jo\u00e3o C\u00e2ndido Portinari, emocionou a plateia ao relembrar a rela\u00e7\u00e3o de Drummond com seu pai, citando o poema escrito pelo poeta logo ap\u00f3s a morte do artista. A partir da\u00ed, ele apresentou o Projeto Portinari, que h\u00e1 46 anos preserva e difunde a obra e os valores de seu pai, com especial foco em crian\u00e7as e jovens.<\/p>\n<p>Entre os exemplos compartilhados, destacou-se a experi\u00eancia no Pantanal do Mato Grosso do Sul, quando uma exposi\u00e7\u00e3o itinerante em uma chalana levou a arte de Portinari at\u00e9 comunidades ribeirinhas e ind\u00edgenas. Jo\u00e3o C\u00e2ndido narrou a emo\u00e7\u00e3o de um jovem ind\u00edgena ao se reconhecer em um retrato pintado por Portinari: \u201cEra como se dissesse: algu\u00e9m j\u00e1 me viu antes e me pintou assim\u201d.<\/p>\n<p><img loading=\"lazy\" decoding=\"async\" aria-describedby=\"caption-attachment-90972\" class=\"size-full wp-image-90972\" src=\"https:\/\/www.europesays.com\/pt\/wp-content\/uploads\/2025\/09\/20250920_ICL_DESPERTAR-341-scaled.webp.webp\" alt=\"Jo\u00e3o C\u00e2ndido Portinari durante o Despertar 2025. Cr\u00e9ditos: ICL\" width=\"1920\" height=\"1280\"\/><\/p>\n<p id=\"caption-attachment-90972\" class=\"wp-caption-text\">Jo\u00e3o C\u00e2ndido Portinari durante o Despertar 2025. Cr\u00e9ditos: ICL<\/p>\n<p>Outro ponto marcante foi a lembran\u00e7a dos pain\u00e9is<strong> \u201cGuerra e Paz\u201d,<\/strong> presente do Brasil \u00e0 sede da ONU, em Nova Iorque. Portinari n\u00e3o p\u00f4de inaugur\u00e1-los por persegui\u00e7\u00e3o pol\u00edtica, tendo inclusive o visto norte-americano negado. D\u00e9cadas depois, o reconhecimento veio com homenagens oficiais, como lembrou Jo\u00e3o C\u00e2ndido ao citar a devolu\u00e7\u00e3o dos murais \u00e0 ONU ap\u00f3s circularem pelo Brasil e Europa.<\/p>\n<p>O momento mais emocionante, segundo ele, foi ver o ent\u00e3o presidente Luiz In\u00e1cio Lula da Silva mencionar Guerra e Paz em discurso de abertura na Assembleia Geral da ONU, fato que possibilitou a vinda dos pain\u00e9is ao Brasil. \u201cVoc\u00eas imaginem a minha emo\u00e7\u00e3o. Eu n\u00e3o esperava que ele fosse falar naquele momento\u201d, disse.<\/p>\n<p><img loading=\"lazy\" decoding=\"async\" aria-describedby=\"caption-attachment-90973\" class=\"size-full wp-image-90973\" src=\"https:\/\/www.europesays.com\/pt\/wp-content\/uploads\/2025\/09\/20250920_ICL_DESPERTAR-351-scaled.webp.webp\" alt=\"Eduardo Moreira e Jo\u00e3o C\u00e2ndido Portinari durante o Despertar 2025. Cr\u00e9ditos: ICL\" width=\"1920\" height=\"1280\"\/><\/p>\n<p id=\"caption-attachment-90973\" class=\"wp-caption-text\">Eduardo Moreira e Jo\u00e3o C\u00e2ndido Portinari durante o Despertar 2025. Cr\u00e9ditos: ICL<\/p>\n<p>O encerramento da apresenta\u00e7\u00e3o refor\u00e7ou o elo entre passado e presente: Eduardo Moreira destacou que o ICL sempre buscou honrar quem veio antes. \u201cN\u00e3o \u00e9 por acaso que desde o come\u00e7o tivemos aqui figuras como Leonardo Boff, Frei Betto, Elliot Aronson, Chomsky. N\u00f3s aprendemos com os mestres, com os que abriram caminho\u201d, afirmou<\/p>\n","protected":false},"excerpt":{"rendered":"ou\u00e7a este conte\u00fado 00:00 \/ 00:00 1x Por Maria Clara Alc\u00e2ntara A apresenta\u00e7\u00e3o come\u00e7ou com a exibi\u00e7\u00e3o de&hellip;\n","protected":false},"author":2,"featured_media":80149,"comment_status":"","ping_status":"","sticky":false,"template":"","format":"standard","meta":{"footnotes":""},"categories":[144],"tags":[207,205,206,203,201,202,204,114,115,32,33],"class_list":{"0":"post-80148","1":"post","2":"type-post","3":"status-publish","4":"format-standard","5":"has-post-thumbnail","7":"category-arte-e-design","8":"tag-arte","9":"tag-arte-e-design","10":"tag-artedesign","11":"tag-arts","12":"tag-arts-and-design","13":"tag-artsanddesign","14":"tag-design","15":"tag-entertainment","16":"tag-entretenimento","17":"tag-portugal","18":"tag-pt"},"share_on_mastodon":{"url":"","error":""},"_links":{"self":[{"href":"https:\/\/www.europesays.com\/pt\/wp-json\/wp\/v2\/posts\/80148","targetHints":{"allow":["GET"]}}],"collection":[{"href":"https:\/\/www.europesays.com\/pt\/wp-json\/wp\/v2\/posts"}],"about":[{"href":"https:\/\/www.europesays.com\/pt\/wp-json\/wp\/v2\/types\/post"}],"author":[{"embeddable":true,"href":"https:\/\/www.europesays.com\/pt\/wp-json\/wp\/v2\/users\/2"}],"replies":[{"embeddable":true,"href":"https:\/\/www.europesays.com\/pt\/wp-json\/wp\/v2\/comments?post=80148"}],"version-history":[{"count":0,"href":"https:\/\/www.europesays.com\/pt\/wp-json\/wp\/v2\/posts\/80148\/revisions"}],"wp:featuredmedia":[{"embeddable":true,"href":"https:\/\/www.europesays.com\/pt\/wp-json\/wp\/v2\/media\/80149"}],"wp:attachment":[{"href":"https:\/\/www.europesays.com\/pt\/wp-json\/wp\/v2\/media?parent=80148"}],"wp:term":[{"taxonomy":"category","embeddable":true,"href":"https:\/\/www.europesays.com\/pt\/wp-json\/wp\/v2\/categories?post=80148"},{"taxonomy":"post_tag","embeddable":true,"href":"https:\/\/www.europesays.com\/pt\/wp-json\/wp\/v2\/tags?post=80148"}],"curies":[{"name":"wp","href":"https:\/\/api.w.org\/{rel}","templated":true}]}}