{"id":80150,"date":"2025-09-21T04:13:16","date_gmt":"2025-09-21T04:13:16","guid":{"rendered":"https:\/\/www.europesays.com\/pt\/80150\/"},"modified":"2025-09-21T04:13:16","modified_gmt":"2025-09-21T04:13:16","slug":"marcia-soares-e-candido-pereira-descascam-em-fabio-e-liliana-sem-do-nem-piedade","status":"publish","type":"post","link":"https:\/\/www.europesays.com\/pt\/80150\/","title":{"rendered":"M\u00e1rcia Soares e C\u00e2ndido Pereira descascam em F\u00e1bio e Liliana sem d\u00f3 nem piedade"},"content":{"rendered":"<p>No Extra da Casa dos Segredos, M\u00e1rcia Soares n\u00e3o s\u00f3 comentou as imagens da VT, como serviu um prato cheio de desd\u00e9m ao comportamento do F\u00e1bio e Liliana. C\u00e2ndido Pereira seguiu a linha.<\/p>\n<p>\u201cEu estou muito nervosa com estas imagens\u201d, come\u00e7ou por confessar, para depois disparar rajadas, <strong>\u201cHouve tr\u00eas coisas que me ficaram aqui na cabe\u00e7a. A primeira de ele chamar o Pedro Jorge de ot\u00e1rio porque ele sabe que a mi\u00fada anda com ele e tem namorado.\u201d<\/strong><\/p>\n<p>E foi a\u00ed que M\u00e1rcia entrou em modo lupa moral, desmontando a hipocrisia em direto,<strong> \u201cQuer dizer, o Pedro Jorge devia se lembrar que ela tem namorado, mas ele, quando se atira a ela, desvaloriza completamente esse namorado. Faz de conta que n\u00e3o existe. Mas j\u00e1 \u00e9 raz\u00e3o para maltratar o Pedro Jorge?\u201d<\/strong> A l\u00f3gica, sublinhe-se, ficava do tamanho de um reality show.<\/p>\n<p>A nortenha n\u00e3o poupou Liliana, tamb\u00e9m,<strong> \u201cTemos ali a menina Liliana a dizer igual\u2026 se ela sabe que tem namorado e que tem esta situa\u00e7\u00e3o com o F\u00e1bio, n\u00e3o se podia estar a fazer mal. Mas anda a faz\u00ea-lo.\u201d<\/strong> Tradu\u00e7\u00e3o: todos com telhados de vidro, mas sempre prontos a atirar pedras.<\/p>\n<p><strong>\u201cS\u00e3o dois falsos moralistas que ali est\u00e3o<\/strong>\u201d, disparou, apontando o dedo a F\u00e1bio e Liliana.<strong> \u201cPorque se eles t\u00eam esta consci\u00eancia e criticam nos outros, \u00e9 que est\u00e3o a projetar exatamente aquilo que eles est\u00e3o a fazer no Pedro Jorge<\/strong>.\u201d A ironia mordia ainda mais quando lembrou a parte que \u201cn\u00e3o passou\u201d em televis\u00e3o: <strong>\u201cEle teve a coragem de chamar \u2018ganda\u2019 Porco ao Pedro Jorge.\u201d<\/strong><\/p>\n<p>M\u00e1rcia, j\u00e1 sem freio, passou a bisturi:<strong> \u201cMais uma vez est\u00e1 apresentado o F\u00e1bio. Eu h\u00e1 bocado disse que ele tinha falta de coragem e aqui volta a mostrar exatamente isso. Ele s\u00f3 se sente bem sendo superior, a rebaixar os outros. S\u00f3 assim \u00e9 que se sente importante. D\u00e1-me pena.\u201d<\/strong><\/p>\n<p>A rematar disse, \u201cEst\u00e3o apresentados os dois, um para o outro, dentro do jogo. Agora c\u00e1, que ningu\u00e9m nos ouve, eu espero que isto seja um grande abre-olhos para o Zezinho.\u201d<\/p>\n<p>J\u00e1 o C\u00e2ndido Pereira, mais calmo face ao BB Ver\u00e3o, n\u00e3o deixou as farpas de lado, \u201cna mesma linha da M\u00e1rcia, gostava de real\u00e7ar, sei que muita gente \u00e9 elucidada e sabe, que os homens n\u00e3o se medem por m\u00fasculos, medem-se por aquilo que t\u00eam na massa cinzenta, uns t\u00eam muito, outros t\u00eam pouco, outros baseiam-se nos m\u00fasculos, e como t\u00eam mais m\u00fasculos, acha-se que \u00e9 melhor que o Pedro Jorge, no caso. N\u00e3o \u00e9, est\u00e1 exatamente a criticar algo que ele est\u00e1 a fazer. Ele, que queria bater de frente, n\u00e3o mostrou que era homem, mostrou que tinha m\u00fasculos, estava ali e tal, tem m\u00fasculos, mas na altura em que a Cristina Ferreira lhe d\u00e1 a oportunidade de ele ser homem, n\u00e3o, ele continua ali com os m\u00fasculos dele, portanto, ele n\u00e3o conseguiu\u2026\u201d<\/p>\n<p>Considera que ele tem falta de coragem, \u201d e como ele tem falta de coragem, mas tinha muita vontade de bater com o Pedro Jorge de frente, n\u00e3o conseguiu, portanto, ele continuou com os m\u00fasculos, continuou, assim, a atirar-se a uma pessoa que tem um noivo c\u00e1 fora, mas que ela tamb\u00e9m permite, n\u00e3o imp\u00f5e limites, devem ser l\u00e1 os limites que eles acordaram, isto cada um sabe de si e Deus sabe de todos\u2026 Eu duvido muito que o Jos\u00e9, com todo o respeito, mas obrigatoriamente temos aqui o que falar, mas ele \u00e9 tudo bem desculpado nisto, eu duvido muito que o Jos\u00e9 goste de ver o F\u00e1bio com as m\u00e3os nas pernas da Liliana como tinha hoje.\u201d<\/p>\n","protected":false},"excerpt":{"rendered":"No Extra da Casa dos Segredos, M\u00e1rcia Soares n\u00e3o s\u00f3 comentou as imagens da VT, como serviu um&hellip;\n","protected":false},"author":2,"featured_media":80151,"comment_status":"","ping_status":"","sticky":false,"template":"","format":"standard","meta":{"footnotes":""},"categories":[142],"tags":[2632,13471,20079,114,115,32,33,6985,16686,20081,20082,151,162],"class_list":{"0":"post-80150","1":"post","2":"type-post","3":"status-publish","4":"format-standard","5":"has-post-thumbnail","7":"category-tv","8":"tag-casa-dos-segredos","9":"tag-casa-dos-segredos-9","10":"tag-concorrentes-casa-dos-segredos","11":"tag-entertainment","12":"tag-entretenimento","13":"tag-portugal","14":"tag-pt","15":"tag-secret-story-casa-dos-segredos","16":"tag-secret-story-9","17":"tag-sondagem-casa-dos-segredos","18":"tag-sondagens-casa-dos-segredos","19":"tag-tv","20":"tag-tvi"},"share_on_mastodon":{"url":"","error":""},"_links":{"self":[{"href":"https:\/\/www.europesays.com\/pt\/wp-json\/wp\/v2\/posts\/80150","targetHints":{"allow":["GET"]}}],"collection":[{"href":"https:\/\/www.europesays.com\/pt\/wp-json\/wp\/v2\/posts"}],"about":[{"href":"https:\/\/www.europesays.com\/pt\/wp-json\/wp\/v2\/types\/post"}],"author":[{"embeddable":true,"href":"https:\/\/www.europesays.com\/pt\/wp-json\/wp\/v2\/users\/2"}],"replies":[{"embeddable":true,"href":"https:\/\/www.europesays.com\/pt\/wp-json\/wp\/v2\/comments?post=80150"}],"version-history":[{"count":0,"href":"https:\/\/www.europesays.com\/pt\/wp-json\/wp\/v2\/posts\/80150\/revisions"}],"wp:featuredmedia":[{"embeddable":true,"href":"https:\/\/www.europesays.com\/pt\/wp-json\/wp\/v2\/media\/80151"}],"wp:attachment":[{"href":"https:\/\/www.europesays.com\/pt\/wp-json\/wp\/v2\/media?parent=80150"}],"wp:term":[{"taxonomy":"category","embeddable":true,"href":"https:\/\/www.europesays.com\/pt\/wp-json\/wp\/v2\/categories?post=80150"},{"taxonomy":"post_tag","embeddable":true,"href":"https:\/\/www.europesays.com\/pt\/wp-json\/wp\/v2\/tags?post=80150"}],"curies":[{"name":"wp","href":"https:\/\/api.w.org\/{rel}","templated":true}]}}