{"id":80184,"date":"2025-09-21T05:36:27","date_gmt":"2025-09-21T05:36:27","guid":{"rendered":"https:\/\/www.europesays.com\/pt\/80184\/"},"modified":"2025-09-21T05:36:27","modified_gmt":"2025-09-21T05:36:27","slug":"juiz-rejeita-processo-de-trump-contra-new-york-times","status":"publish","type":"post","link":"https:\/\/www.europesays.com\/pt\/80184\/","title":{"rendered":"Juiz Rejeita Processo de Trump contra New York Times"},"content":{"rendered":"<p>Um juiz federal, no Estado da Florida, rejeitou a inten\u00e7\u00e3o do governo de Donald Trump de processar o di\u00e1rio The New York Times, por difama\u00e7\u00e3o, com um pedido de indemniza\u00e7\u00e3o de 15 mil milh\u00f5es de d\u00f3lares.<\/p>\n<p>O magistrado Steven D. Merryday qualificou a inten\u00e7\u00e3o como &#8220;decididamente impr\u00f3pria e inadmiss\u00edvel&#8221;, segundo os documentos judiciais a que a EFE teve acesso.<\/p>\n<p>No texto da queixa, o t\u00edtulo \u00e9 acusado de difama\u00e7\u00e3o e cal\u00fania em grande escala e alega-se que v\u00e1rios artigos e um livro publicados em 2024 prejudicaram a imagem de Trump e a sua candidatura presidencial.<\/p>\n<p>O juiz criticou o tom pol\u00edtico da queixa e concedeu a Trump 28 dias para apresentar uma vers\u00e3o revista e limitada a 40 p\u00e1ginas, menos de metade das 85 de agora.<\/p>\n<p><strong>&#8220;Uma queixa n\u00e3o \u00e9 um megafone para rela\u00e7\u00f5es p\u00fablicas, nem um p\u00f3dio para uma interven\u00e7\u00e3o apaixonada em um com\u00edcio pol\u00edtico&#8221;<\/strong>, escreveu o juiz na sua decis\u00e3o, acentuando que o texto era &#8220;inadequado e inadmiss\u00edvel&#8221; e cheio de &#8220;argumentos tendenciosos&#8221;.<\/p>\n<p>A queixa, apresentada por Trump na ter\u00e7a-feira, acusa de difama\u00e7\u00e3o o jornal e a editora Penguin Random House.<\/p>\n<p>O New York Times j\u00e1 reagiu, dizendo que n\u00e3o tem raz\u00f5es para corrigir os artigos em causa e a editoria negou que o seu livro fa\u00e7a qualquer difama\u00e7\u00e3o.<\/p>\n<p>O di\u00e1rio defendeu a sua cobertura, considerando a queixa como algo &#8220;sem fundamento&#8221; e uma t\u00e1tica para intimidar o jornalismo independente.<\/p>\n<p>Esta queixa soma-se a uma s\u00e9rie de processos legais apresentados por Trump contra meios de informa\u00e7\u00e3o, o que evidencia uma estrat\u00e9gia confronto jur\u00eddico com o jornalismo cr\u00edtico.<\/p>\n<p>A Sociedade Interamericana de Imprensa (SIP) assinalou que este tipo de processos procura amedrontar o jornalismo independente e viola princ\u00edpios fundamentais consagrados pela Primeira Emenda.<\/p>\n<p><strong>&#8220;Esta a\u00e7\u00e3o n\u00e3o procura justi\u00e7a, mas sim utilizar os tribunais como arma pol\u00edtica para intimidar e castigar a imprensa cr\u00edtica. \u00c9 um ataque direto \u00e0 liberdade de imprensa&#8221;<\/strong>, disse o diretor executivo da SIP, Jos\u00e9 Roberto Dutriz.<\/p>\n<p>Trump j\u00e1 tinha processado o New York Times por artigos sobre as suas finan\u00e7as e impostos, publicados em 2018, baseados em parte em documentos confidenciais. Ent\u00e3o, o tribunal recusou o caso e ordenou a Trump que pagasse 400 mil d\u00f3lares ao jornal e a tr\u00eas dos seus jornalistas, pelas despesas judiciais em que incorreram.<\/p>\n","protected":false},"excerpt":{"rendered":"Um juiz federal, no Estado da Florida, rejeitou a inten\u00e7\u00e3o do governo de Donald Trump de processar o&hellip;\n","protected":false},"author":2,"featured_media":80185,"comment_status":"","ping_status":"","sticky":false,"template":"","format":"standard","meta":{"footnotes":""},"categories":[50],"tags":[27,28,92,235,15,16,14,25,26,21,22,62,12,13,19,20,23,24,1822,17,18,29,30,31,63,64,65],"class_list":{"0":"post-80184","1":"post","2":"type-post","3":"status-publish","4":"format-standard","5":"has-post-thumbnail","7":"category-mundo","8":"tag-breaking-news","9":"tag-breakingnews","10":"tag-donald-trump","11":"tag-estados-unidos","12":"tag-featured-news","13":"tag-featurednews","14":"tag-headlines","15":"tag-latest-news","16":"tag-latestnews","17":"tag-main-news","18":"tag-mainnews","19":"tag-mundo","20":"tag-news","21":"tag-noticias","22":"tag-noticias-principais","23":"tag-noticiasprincipais","24":"tag-principais-noticias","25":"tag-principaisnoticias","26":"tag-the-new-york-times","27":"tag-top-stories","28":"tag-topstories","29":"tag-ultimas","30":"tag-ultimas-noticias","31":"tag-ultimasnoticias","32":"tag-world","33":"tag-world-news","34":"tag-worldnews"},"share_on_mastodon":{"url":"","error":""},"_links":{"self":[{"href":"https:\/\/www.europesays.com\/pt\/wp-json\/wp\/v2\/posts\/80184","targetHints":{"allow":["GET"]}}],"collection":[{"href":"https:\/\/www.europesays.com\/pt\/wp-json\/wp\/v2\/posts"}],"about":[{"href":"https:\/\/www.europesays.com\/pt\/wp-json\/wp\/v2\/types\/post"}],"author":[{"embeddable":true,"href":"https:\/\/www.europesays.com\/pt\/wp-json\/wp\/v2\/users\/2"}],"replies":[{"embeddable":true,"href":"https:\/\/www.europesays.com\/pt\/wp-json\/wp\/v2\/comments?post=80184"}],"version-history":[{"count":0,"href":"https:\/\/www.europesays.com\/pt\/wp-json\/wp\/v2\/posts\/80184\/revisions"}],"wp:featuredmedia":[{"embeddable":true,"href":"https:\/\/www.europesays.com\/pt\/wp-json\/wp\/v2\/media\/80185"}],"wp:attachment":[{"href":"https:\/\/www.europesays.com\/pt\/wp-json\/wp\/v2\/media?parent=80184"}],"wp:term":[{"taxonomy":"category","embeddable":true,"href":"https:\/\/www.europesays.com\/pt\/wp-json\/wp\/v2\/categories?post=80184"},{"taxonomy":"post_tag","embeddable":true,"href":"https:\/\/www.europesays.com\/pt\/wp-json\/wp\/v2\/tags?post=80184"}],"curies":[{"name":"wp","href":"https:\/\/api.w.org\/{rel}","templated":true}]}}