{"id":80395,"date":"2025-09-21T11:45:12","date_gmt":"2025-09-21T11:45:12","guid":{"rendered":"https:\/\/www.europesays.com\/pt\/80395\/"},"modified":"2025-09-21T11:45:12","modified_gmt":"2025-09-21T11:45:12","slug":"um-morto-e-um-ferido-grave-em-acidente-com-duas-motas-na-a1-em-estarreja","status":"publish","type":"post","link":"https:\/\/www.europesays.com\/pt\/80395\/","title":{"rendered":"Um morto e um ferido grave em acidente com duas motas na A1 em Estarreja"},"content":{"rendered":"<p>De acordo com a fonte do Comando Sub-Regional da Regi\u00e3o de Aveiro, as duas motas despistaram-se ao quil\u00f3metro 247\/250, antes da sa\u00edda para Albergaria.<\/p>\n<p data-remotead-prev-elm=\"true\" data-remotead-elm-id=\"inread\">O ferido, em estado considerado grave, foi transportado para o Hospital de Aveiro, disse a fonte.<\/p>\n<p>O acidente ocorreu cerca das 8.10 horas e cerca das 9.30 a circula\u00e7\u00e3o do tr\u00e2nsito ainda se encontrava condicionada.<\/p>\n<p data-remotead-prev-elm=\"true\" data-remotead-elm-id=\"centro1\">Para o local do acidente foram deslocados 17 operacionais e sete viaturas.<\/p>\n","protected":false},"excerpt":{"rendered":"De acordo com a fonte do Comando Sub-Regional da Regi\u00e3o de Aveiro, as duas motas despistaram-se ao quil\u00f3metro&hellip;\n","protected":false},"author":2,"featured_media":80396,"comment_status":"","ping_status":"","sticky":false,"template":"","format":"standard","meta":{"footnotes":""},"categories":[10],"tags":[20659,59,27,28,20657,15,16,14,25,26,21,22,20658,12,13,19,20,32,23,24,33,17,18,29,30,31],"class_list":{"0":"post-80395","1":"post","2":"type-post","3":"status-publish","4":"format-standard","5":"has-post-thumbnail","7":"category-portugal","8":"tag-a1","9":"tag-acidente","10":"tag-breaking-news","11":"tag-breakingnews","12":"tag-concelho-estarreja","13":"tag-featured-news","14":"tag-featurednews","15":"tag-headlines","16":"tag-latest-news","17":"tag-latestnews","18":"tag-main-news","19":"tag-mainnews","20":"tag-motociclista","21":"tag-news","22":"tag-noticias","23":"tag-noticias-principais","24":"tag-noticiasprincipais","25":"tag-portugal","26":"tag-principais-noticias","27":"tag-principaisnoticias","28":"tag-pt","29":"tag-top-stories","30":"tag-topstories","31":"tag-ultimas","32":"tag-ultimas-noticias","33":"tag-ultimasnoticias"},"share_on_mastodon":{"url":"","error":""},"_links":{"self":[{"href":"https:\/\/www.europesays.com\/pt\/wp-json\/wp\/v2\/posts\/80395","targetHints":{"allow":["GET"]}}],"collection":[{"href":"https:\/\/www.europesays.com\/pt\/wp-json\/wp\/v2\/posts"}],"about":[{"href":"https:\/\/www.europesays.com\/pt\/wp-json\/wp\/v2\/types\/post"}],"author":[{"embeddable":true,"href":"https:\/\/www.europesays.com\/pt\/wp-json\/wp\/v2\/users\/2"}],"replies":[{"embeddable":true,"href":"https:\/\/www.europesays.com\/pt\/wp-json\/wp\/v2\/comments?post=80395"}],"version-history":[{"count":0,"href":"https:\/\/www.europesays.com\/pt\/wp-json\/wp\/v2\/posts\/80395\/revisions"}],"wp:featuredmedia":[{"embeddable":true,"href":"https:\/\/www.europesays.com\/pt\/wp-json\/wp\/v2\/media\/80396"}],"wp:attachment":[{"href":"https:\/\/www.europesays.com\/pt\/wp-json\/wp\/v2\/media?parent=80395"}],"wp:term":[{"taxonomy":"category","embeddable":true,"href":"https:\/\/www.europesays.com\/pt\/wp-json\/wp\/v2\/categories?post=80395"},{"taxonomy":"post_tag","embeddable":true,"href":"https:\/\/www.europesays.com\/pt\/wp-json\/wp\/v2\/tags?post=80395"}],"curies":[{"name":"wp","href":"https:\/\/api.w.org\/{rel}","templated":true}]}}