{"id":80421,"date":"2025-09-21T12:17:46","date_gmt":"2025-09-21T12:17:46","guid":{"rendered":"https:\/\/www.europesays.com\/pt\/80421\/"},"modified":"2025-09-21T12:17:46","modified_gmt":"2025-09-21T12:17:46","slug":"motociclista-ferido-depois-de-um-despiste-na-via-rapida","status":"publish","type":"post","link":"https:\/\/www.europesays.com\/pt\/80421\/","title":{"rendered":"Motociclista ferido depois de um despiste na via r\u00e1pida"},"content":{"rendered":"\n<p class=\"p_0\">Os Bombeiros Volunt\u00e1rios Madeirenses socorreram esta noite um motociclista que ficou ferido na sequ\u00eancia de um despiste, sofrido quando entrava na via r\u00e1pida, na zona da Boa Nova, no Funchal.<\/p>\n<p class=\"p_1\">O condutor da moto e \u00fanico ferido, de 40 anos, foi socorrido por uma ambul\u00e2ncia da corpora\u00e7\u00e3o dos volunt\u00e1rios, que mobilizou, pelas 22h40, tr\u00eas elementos para esta ocorr\u00eancia.<\/p>\n<p class=\"p_2\">Neste momento, n\u00e3o \u00e9 ainda poss\u00edvel apurar se os ferimentos foram graves ou n\u00e3o, disse-nos uma fonte dos bombeiros. De qualquer dos modos, o ferido foi transportado para o Hospital Dr. N\u00e9lio Mendon\u00e7a.<\/p>\n","protected":false},"excerpt":{"rendered":"Os Bombeiros Volunt\u00e1rios Madeirenses socorreram esta noite um motociclista que ficou ferido na sequ\u00eancia de um despiste, sofrido&hellip;\n","protected":false},"author":2,"featured_media":80422,"comment_status":"","ping_status":"","sticky":false,"template":"","format":"standard","meta":{"footnotes":""},"categories":[10],"tags":[20639,27,28,15,16,14,25,26,21,22,12,13,19,20,32,23,24,33,17,18,29,30,31],"class_list":{"0":"post-80421","1":"post","2":"type-post","3":"status-publish","4":"format-standard","5":"has-post-thumbnail","7":"category-portugal","8":"tag-alberto-pita","9":"tag-breaking-news","10":"tag-breakingnews","11":"tag-featured-news","12":"tag-featurednews","13":"tag-headlines","14":"tag-latest-news","15":"tag-latestnews","16":"tag-main-news","17":"tag-mainnews","18":"tag-news","19":"tag-noticias","20":"tag-noticias-principais","21":"tag-noticiasprincipais","22":"tag-portugal","23":"tag-principais-noticias","24":"tag-principaisnoticias","25":"tag-pt","26":"tag-top-stories","27":"tag-topstories","28":"tag-ultimas","29":"tag-ultimas-noticias","30":"tag-ultimasnoticias"},"share_on_mastodon":{"url":"","error":""},"_links":{"self":[{"href":"https:\/\/www.europesays.com\/pt\/wp-json\/wp\/v2\/posts\/80421","targetHints":{"allow":["GET"]}}],"collection":[{"href":"https:\/\/www.europesays.com\/pt\/wp-json\/wp\/v2\/posts"}],"about":[{"href":"https:\/\/www.europesays.com\/pt\/wp-json\/wp\/v2\/types\/post"}],"author":[{"embeddable":true,"href":"https:\/\/www.europesays.com\/pt\/wp-json\/wp\/v2\/users\/2"}],"replies":[{"embeddable":true,"href":"https:\/\/www.europesays.com\/pt\/wp-json\/wp\/v2\/comments?post=80421"}],"version-history":[{"count":0,"href":"https:\/\/www.europesays.com\/pt\/wp-json\/wp\/v2\/posts\/80421\/revisions"}],"wp:featuredmedia":[{"embeddable":true,"href":"https:\/\/www.europesays.com\/pt\/wp-json\/wp\/v2\/media\/80422"}],"wp:attachment":[{"href":"https:\/\/www.europesays.com\/pt\/wp-json\/wp\/v2\/media?parent=80421"}],"wp:term":[{"taxonomy":"category","embeddable":true,"href":"https:\/\/www.europesays.com\/pt\/wp-json\/wp\/v2\/categories?post=80421"},{"taxonomy":"post_tag","embeddable":true,"href":"https:\/\/www.europesays.com\/pt\/wp-json\/wp\/v2\/tags?post=80421"}],"curies":[{"name":"wp","href":"https:\/\/api.w.org\/{rel}","templated":true}]}}