{"id":80520,"date":"2025-09-21T13:57:58","date_gmt":"2025-09-21T13:57:58","guid":{"rendered":"https:\/\/www.europesays.com\/pt\/80520\/"},"modified":"2025-09-21T13:57:58","modified_gmt":"2025-09-21T13:57:58","slug":"comeca-a-obra-que-vai-mudar-o-futuro-do-alto-alentejo-radio-portalegre","status":"publish","type":"post","link":"https:\/\/www.europesays.com\/pt\/80520\/","title":{"rendered":"come\u00e7a a obra que vai mudar o futuro do Alto Alentejo \u2013 R\u00e1dio Portalegre"},"content":{"rendered":"<p>A visita aos trabalhos iniciais da empreitada das Infraestruturas Prim\u00e1rias da Barragem do Pis\u00e3o, no concelho do Crato, agendada para segunda-feira, marca oficialmente o in\u00edcio da constru\u00e7\u00e3o deste projeto estruturante para o Alto Alentejo.<\/p>\n<p>A obra contempla a edifica\u00e7\u00e3o da barragem, os seus \u00f3rg\u00e3os hidr\u00e1ulicos, o desvio provis\u00f3rio do rio e a central hidroel\u00e9trica, dando assim o primeiro passo concreto para transformar a paisagem e o futuro da regi\u00e3o.\u00a0<\/p>\n<p>A visita, com in\u00edcio agendado para as 10:00, contar\u00e1 com a presen\u00e7a dos membros do Conselho Intermunicipal da Comunidade Intermunicipal do Alto Alentejo (CIMAA) e do Secret\u00e1rio de Estado do Planeamento e Desenvolvimento Regional, H\u00e9lder Reis, sublinhando a import\u00e2ncia estrat\u00e9gica da iniciativa para o territ\u00f3rio.<\/p>\n<p>Com um investimento global de 222 milh\u00f5es de euros, a Barragem do Pis\u00e3o promete beneficiar mais de 55 mil habitantes de oito munic\u00edpios, garantir a irriga\u00e7\u00e3o de mais de 5 mil hectares de \u00e1rea agr\u00edcola e contribuir para a redu\u00e7\u00e3o de mais de 80 mil toneladas de emiss\u00f5es anuais de di\u00f3xido de carbono, atrav\u00e9s da produ\u00e7\u00e3o de energia limpa.<\/p>\n<p>Al\u00e9m de refor\u00e7ar a coes\u00e3o territorial, o projeto visa assegurar o abastecimento de \u00e1gua pot\u00e1vel e impulsionar a transi\u00e7\u00e3o energ\u00e9tica da regi\u00e3o.<\/p>\n","protected":false},"excerpt":{"rendered":"A visita aos trabalhos iniciais da empreitada das Infraestruturas Prim\u00e1rias da Barragem do Pis\u00e3o, no concelho do Crato,&hellip;\n","protected":false},"author":2,"featured_media":80521,"comment_status":"","ping_status":"","sticky":false,"template":"","format":"standard","meta":{"footnotes":""},"categories":[10],"tags":[27,28,15,16,14,25,26,21,22,12,13,19,20,32,23,24,33,17,18,29,30,31],"class_list":{"0":"post-80520","1":"post","2":"type-post","3":"status-publish","4":"format-standard","5":"has-post-thumbnail","7":"category-portugal","8":"tag-breaking-news","9":"tag-breakingnews","10":"tag-featured-news","11":"tag-featurednews","12":"tag-headlines","13":"tag-latest-news","14":"tag-latestnews","15":"tag-main-news","16":"tag-mainnews","17":"tag-news","18":"tag-noticias","19":"tag-noticias-principais","20":"tag-noticiasprincipais","21":"tag-portugal","22":"tag-principais-noticias","23":"tag-principaisnoticias","24":"tag-pt","25":"tag-top-stories","26":"tag-topstories","27":"tag-ultimas","28":"tag-ultimas-noticias","29":"tag-ultimasnoticias"},"share_on_mastodon":{"url":"","error":""},"_links":{"self":[{"href":"https:\/\/www.europesays.com\/pt\/wp-json\/wp\/v2\/posts\/80520","targetHints":{"allow":["GET"]}}],"collection":[{"href":"https:\/\/www.europesays.com\/pt\/wp-json\/wp\/v2\/posts"}],"about":[{"href":"https:\/\/www.europesays.com\/pt\/wp-json\/wp\/v2\/types\/post"}],"author":[{"embeddable":true,"href":"https:\/\/www.europesays.com\/pt\/wp-json\/wp\/v2\/users\/2"}],"replies":[{"embeddable":true,"href":"https:\/\/www.europesays.com\/pt\/wp-json\/wp\/v2\/comments?post=80520"}],"version-history":[{"count":0,"href":"https:\/\/www.europesays.com\/pt\/wp-json\/wp\/v2\/posts\/80520\/revisions"}],"wp:featuredmedia":[{"embeddable":true,"href":"https:\/\/www.europesays.com\/pt\/wp-json\/wp\/v2\/media\/80521"}],"wp:attachment":[{"href":"https:\/\/www.europesays.com\/pt\/wp-json\/wp\/v2\/media?parent=80520"}],"wp:term":[{"taxonomy":"category","embeddable":true,"href":"https:\/\/www.europesays.com\/pt\/wp-json\/wp\/v2\/categories?post=80520"},{"taxonomy":"post_tag","embeddable":true,"href":"https:\/\/www.europesays.com\/pt\/wp-json\/wp\/v2\/tags?post=80520"}],"curies":[{"name":"wp","href":"https:\/\/api.w.org\/{rel}","templated":true}]}}