{"id":80530,"date":"2025-09-21T14:11:08","date_gmt":"2025-09-21T14:11:08","guid":{"rendered":"https:\/\/www.europesays.com\/pt\/80530\/"},"modified":"2025-09-21T14:11:08","modified_gmt":"2025-09-21T14:11:08","slug":"oculos-inteligente-ray-ban-meta-display-promete-revolucionar-o-uso-de-ia-e-privacidade","status":"publish","type":"post","link":"https:\/\/www.europesays.com\/pt\/80530\/","title":{"rendered":"\u00d3culos inteligente Ray-Ban Meta Display promete revolucionar o uso de IA e privacidade"},"content":{"rendered":"<p>Mark Zuckerberg apresentou, nesta semana, os novos \u00f3culos inteligentes Ray-Ban Meta Display, que trazem uma tela incorporada nas lentes e um sistema de controle por gestos, realizado por meio de uma pulseira inovadora. O an\u00fancio aconteceu durante a confer\u00eancia anual Meta Connect, em Menlo Park.<\/p>\n<p>Em sua apresenta\u00e7\u00e3o, o fundador da Meta destacou que este modelo representa o \u201cformato ideal para a superintelig\u00eancia pessoal\u201d. De acordo com Zuckerberg, o conceito visa aprimorar capacidades humanas em tempo real, permitindo aos usu\u00e1rios \u201cestarem presentes no momento enquanto acessam ferramentas que potencializam sua mem\u00f3ria, comunica\u00e7\u00e3o e sentidos\u201d.<\/p>\n<p><a target=\"_blank\" href=\"https:\/\/share.mob.radio.br\/0adf5925f65dca42d064ee0225858369\" data-post_id=\"217694\" rel=\"nofollow noopener\"><img decoding=\"async\" width=\"336px\" height=\"280px\" src=\"https:\/\/www.europesays.com\/pt\/wp-content\/uploads\/2025\/09\/Banner-380x240-1.gif\" alt=\"\"\/><\/a>Publicidade<br \/>\n<strong>Ray-Ban Meta Display: \u00d3culos inteligentes com controle de gestos e tecnologia de IA<\/strong><\/p>\n<p>Os novos \u00f3culos inteligentes Ray-Ban Meta Display t\u00eam um design que parece ter sa\u00eddo diretamente de um filme de fic\u00e7\u00e3o cient\u00edfica. Equipados com uma tela na lente direita, os dispositivos exibem notifica\u00e7\u00f5es, mapas, chamadas recebidas e outras informa\u00e7\u00f5es.<\/p>\n<p>O modelo conta ainda com a Meta AI, uma intelig\u00eancia artificial capaz de reconhecer objetos, analisar o ambiente em um \u00e2ngulo de 120\u00b0 e responder com maior precis\u00e3o \u00e0s perguntas do usu\u00e1rio, al\u00e9m de realizar tradu\u00e7\u00f5es autom\u00e1ticas de textos. Com apenas 70 gramas, o dispositivo funciona como um assistente inteligente, facilitando diversas tarefas do cotidiano.<\/p>\n<p>Uma das inova\u00e7\u00f5es mais not\u00e1veis \u00e9 a Neural Band, uma pulseira que detecta movimentos discretos dos m\u00fasculos no antebra\u00e7o para controlar as fun\u00e7\u00f5es dos \u00f3culos. Com gestos sutis, \u00e9 poss\u00edvel dar zoom em imagens, fechar aplicativos, apontar ou at\u00e9 digitar em um \u201cteclado virtual\u201d no ar \u2014 tudo isso sem precisar tocar diretamente nos \u00f3culos.<\/p>\n<p>\u201c\u00d3culos que entendem nosso contexto \u2014 vendo o que vemos, ouvindo o que ouvimos e interagindo conosco ao longo do dia \u2014 se tornar\u00e3o nossos principais dispositivos de computa\u00e7\u00e3o\u201d, disse Zuckerberg.<\/p>\n<p>\u00a0<\/p>\n<blockquote class=\"instagram-media\" style=\"background: #FFF; border: 0; border-radius: 3px; box-shadow: 0 0 1px 0 rgba(0,0,0,0.5),0 1px 10px 0 rgba(0,0,0,0.15); margin: 1px; max-width: 540px; min-width: 326px; padding: 0; width: calc(100% - 2px);\" data-instgrm-captioned=\"\" data-instgrm-permalink=\"https:\/\/www.instagram.com\/reel\/DOuUYo5j_e9\/?utm_source=ig_embed&amp;utm_campaign=loading\" data-instgrm-version=\"14\">\n<\/blockquote>\n<p>\u00a0<\/p>\n<p>O produto pretende substituir os smartphones em alguns aspectos, pois possui uma c\u00e2mera de 12 megapixels capaz de gravar v\u00eddeos em 3K e Ultra HD, al\u00e9m de um modo de grava\u00e7\u00e3o em c\u00e2mera lenta. Ele tamb\u00e9m possui microfones e alto-falantes nas hastes, permitindo uma conex\u00e3o direta com a intelig\u00eancia artificial que \u201cfala\u201d no ouvido do usu\u00e1rio.<\/p>\n<p>A Meta destacou que a privacidade foi uma prioridade no desenvolvimento dos novos \u00f3culos inteligentes e continuar\u00e1 sendo aprimorada em futuras atualiza\u00e7\u00f5es. Um exemplo disso \u00e9 a presen\u00e7a de uma luz indicadora externa, que acende para avisar quando os \u00f3culos est\u00e3o gravando, funcionando como um alerta para quem est\u00e1 ao redor.<\/p>\n<p>\u00a0<\/p>\n<p><img fetchpriority=\"high\" decoding=\"async\" class=\"aligncenter wp-image-230929 size-full\" title=\"Meta e Ray-Ban unem for\u00e7as em nova gera\u00e7\u00e3o de \u00f3culos inteligente com tela\" src=\"data:image\/svg+xml,%3Csvg%20xmlns=\" http:=\"\" alt=\"Meta e Ray-Ban unem for\u00e7as em nova gera\u00e7\u00e3o de \u00f3culos inteligente com tela\" width=\"586\" height=\"320\" data-lazy- data-lazy- data-lazy-src=\"https:\/\/www.europesays.com\/pt\/wp-content\/uploads\/2025\/09\/ray-ban-2.jpg\"\/><\/p>\n<p>\u00a0<\/p>\n<p>Al\u00e9m disso, conforme explicado por Ankit Brahmbhatt, gerente de produto da empresa, a intelig\u00eancia artificial do Ray-Ban Meta Display n\u00e3o tem capacidade para identificar pessoas pr\u00f3ximas ao usu\u00e1rio, garantindo uma camada extra de privacidade.<\/p>\n<p>Foto: <a href=\"https:\/\/unsplash.com\/pt-br\/fotografias\/oculos-de-sol-pretos-com-armacao-ray-ban-Bg1QUrnMNsA\" target=\"_blank\" rel=\"noopener nofollow\">Unsplash<\/a><\/p>\n<p>            <script async src=\"\/\/www.instagram.com\/embed.js\"><\/script><\/p>\n","protected":false},"excerpt":{"rendered":"Mark Zuckerberg apresentou, nesta semana, os novos \u00f3culos inteligentes Ray-Ban Meta Display, que trazem uma tela incorporada nas&hellip;\n","protected":false},"author":2,"featured_media":80531,"comment_status":"","ping_status":"","sticky":false,"template":"","format":"standard","meta":{"footnotes":""},"categories":[84],"tags":[109,107,108,111,20708,20706,32,33,19821,20707,105,103,104,106,110],"class_list":{"0":"post-80530","1":"post","2":"type-post","3":"status-publish","4":"format-standard","5":"has-post-thumbnail","7":"category-ciencia-e-tecnologia","8":"tag-ciencia","9":"tag-ciencia-e-tecnologia","10":"tag-cienciaetecnologia","11":"tag-meta","12":"tag-oculos-inteligente","13":"tag-oculos-meta-ray-ban","14":"tag-portugal","15":"tag-pt","16":"tag-ray-ban","17":"tag-ray-ban-meta-display","18":"tag-science","19":"tag-science-and-technology","20":"tag-scienceandtechnology","21":"tag-technology","22":"tag-tecnologia"},"share_on_mastodon":{"url":"","error":""},"_links":{"self":[{"href":"https:\/\/www.europesays.com\/pt\/wp-json\/wp\/v2\/posts\/80530","targetHints":{"allow":["GET"]}}],"collection":[{"href":"https:\/\/www.europesays.com\/pt\/wp-json\/wp\/v2\/posts"}],"about":[{"href":"https:\/\/www.europesays.com\/pt\/wp-json\/wp\/v2\/types\/post"}],"author":[{"embeddable":true,"href":"https:\/\/www.europesays.com\/pt\/wp-json\/wp\/v2\/users\/2"}],"replies":[{"embeddable":true,"href":"https:\/\/www.europesays.com\/pt\/wp-json\/wp\/v2\/comments?post=80530"}],"version-history":[{"count":0,"href":"https:\/\/www.europesays.com\/pt\/wp-json\/wp\/v2\/posts\/80530\/revisions"}],"wp:featuredmedia":[{"embeddable":true,"href":"https:\/\/www.europesays.com\/pt\/wp-json\/wp\/v2\/media\/80531"}],"wp:attachment":[{"href":"https:\/\/www.europesays.com\/pt\/wp-json\/wp\/v2\/media?parent=80530"}],"wp:term":[{"taxonomy":"category","embeddable":true,"href":"https:\/\/www.europesays.com\/pt\/wp-json\/wp\/v2\/categories?post=80530"},{"taxonomy":"post_tag","embeddable":true,"href":"https:\/\/www.europesays.com\/pt\/wp-json\/wp\/v2\/tags?post=80530"}],"curies":[{"name":"wp","href":"https:\/\/api.w.org\/{rel}","templated":true}]}}