{"id":80534,"date":"2025-09-21T14:15:12","date_gmt":"2025-09-21T14:15:12","guid":{"rendered":"https:\/\/www.europesays.com\/pt\/80534\/"},"modified":"2025-09-21T14:15:12","modified_gmt":"2025-09-21T14:15:12","slug":"defice-de-hjulmand-compensado-com-carinho-capitao-acusou-primeiro-esticao-da-temporada-sporting","status":"publish","type":"post","link":"https:\/\/www.europesays.com\/pt\/80534\/","title":{"rendered":"D\u00e9fice de Hjulmand compensado com carinho: capit\u00e3o acusou primeiro &#8216;estic\u00e3o&#8217; da temporada &#8211; Sporting"},"content":{"rendered":"<p>                    08:00<\/p>\n<p>Dinamarqu\u00eas acusou, diante do Kairat, na Champions, o facto de ter sido totalista nos oito jogos anteriores, entre Sporting e sele\u00e7\u00e3o dinamarquesa<\/p>\n<p class=\"\">&#13;<br \/>\n        Morten Hjulmand parece ter acusado, contra o Kairat Almaty, na Champions, o primeiro \u2018estic\u00e3o\u2019 da presente temporada, no caso os oito jogos anteriores (seis no Sporting e mais dois pela sele\u00e7\u00e3o da Dinamarca) sempre na condi\u00e7\u00e3o de totalista: e da\u00ed ter sido substitu\u00eddo por Debast ao minuto 70, completando, at\u00e9, um per\u00edodo de utiliza\u00e7\u00e3o superior ao que tinha na folha de indica\u00e7\u00f5es.&#13;\n    <\/p>\n<p>                        Para ler TODOS OS ARTIGOS RECORD PREMIUM durante o dia 21.09.2025 insira o seu n\u00famero de telem\u00f3vel e clique em OK<\/p>\n<p>Consulte a aplica\u00e7\u00e3o MBway no seu telem\u00f3vel e aceite a transa\u00e7\u00e3o&#13;\n                    <\/p>\n<p>                        Os seus dados n\u00e3o ser\u00e3o guardados pelo Record<\/p>\n<p>                    Por Bruno Fernandes<\/p>\n","protected":false},"excerpt":{"rendered":"08:00 Dinamarqu\u00eas acusou, diante do Kairat, na Champions, o facto de ter sido totalista nos oito jogos anteriores,&hellip;\n","protected":false},"author":2,"featured_media":80535,"comment_status":"","ping_status":"","sticky":false,"template":"","format":"standard","meta":{"footnotes":""},"categories":[8],"tags":[27,28,15,16,14,25,26,21,22,12,13,19,20,32,23,24,33,17,18,29,30,31],"class_list":{"0":"post-80534","1":"post","2":"type-post","3":"status-publish","4":"format-standard","5":"has-post-thumbnail","7":"category-principais-noticias","8":"tag-breaking-news","9":"tag-breakingnews","10":"tag-featured-news","11":"tag-featurednews","12":"tag-headlines","13":"tag-latest-news","14":"tag-latestnews","15":"tag-main-news","16":"tag-mainnews","17":"tag-news","18":"tag-noticias","19":"tag-noticias-principais","20":"tag-noticiasprincipais","21":"tag-portugal","22":"tag-principais-noticias","23":"tag-principaisnoticias","24":"tag-pt","25":"tag-top-stories","26":"tag-topstories","27":"tag-ultimas","28":"tag-ultimas-noticias","29":"tag-ultimasnoticias"},"share_on_mastodon":{"url":"","error":""},"_links":{"self":[{"href":"https:\/\/www.europesays.com\/pt\/wp-json\/wp\/v2\/posts\/80534","targetHints":{"allow":["GET"]}}],"collection":[{"href":"https:\/\/www.europesays.com\/pt\/wp-json\/wp\/v2\/posts"}],"about":[{"href":"https:\/\/www.europesays.com\/pt\/wp-json\/wp\/v2\/types\/post"}],"author":[{"embeddable":true,"href":"https:\/\/www.europesays.com\/pt\/wp-json\/wp\/v2\/users\/2"}],"replies":[{"embeddable":true,"href":"https:\/\/www.europesays.com\/pt\/wp-json\/wp\/v2\/comments?post=80534"}],"version-history":[{"count":0,"href":"https:\/\/www.europesays.com\/pt\/wp-json\/wp\/v2\/posts\/80534\/revisions"}],"wp:featuredmedia":[{"embeddable":true,"href":"https:\/\/www.europesays.com\/pt\/wp-json\/wp\/v2\/media\/80535"}],"wp:attachment":[{"href":"https:\/\/www.europesays.com\/pt\/wp-json\/wp\/v2\/media?parent=80534"}],"wp:term":[{"taxonomy":"category","embeddable":true,"href":"https:\/\/www.europesays.com\/pt\/wp-json\/wp\/v2\/categories?post=80534"},{"taxonomy":"post_tag","embeddable":true,"href":"https:\/\/www.europesays.com\/pt\/wp-json\/wp\/v2\/tags?post=80534"}],"curies":[{"name":"wp","href":"https:\/\/api.w.org\/{rel}","templated":true}]}}