{"id":80542,"date":"2025-09-21T14:24:07","date_gmt":"2025-09-21T14:24:07","guid":{"rendered":"https:\/\/www.europesays.com\/pt\/80542\/"},"modified":"2025-09-21T14:24:07","modified_gmt":"2025-09-21T14:24:07","slug":"exclusivo-a-fazenda-joel-conhece-o-seu-pai-biologico-novelas","status":"publish","type":"post","link":"https:\/\/www.europesays.com\/pt\/80542\/","title":{"rendered":"Exclusivo \u00abA Fazenda\u00bb: Joel conhece o seu pai biol\u00f3gico &#8211; Novelas"},"content":{"rendered":"<p>Em \u00abA Fazenda\u00bb, <a href=\"https:\/\/tvi.iol.pt\/novelas\/videos\/desespero-de-um-filho-desaparecido-eu-nunca-me-esqueci-na-cara-do-meu-filho\/6786686b0cf23ab655363e95\" rel=\"nofollow noopener\" target=\"_blank\">Becas (Rita Loureiro)<\/a>\u00a0conta a hist\u00f3ria da sua vida a <a href=\"https:\/\/tvi.iol.pt\/novelas\/videos\/joel-declara-se-a-eva-nunca-quis-atravessar-me-entre-ti-e-o-talu\/676ac3630cf2f130c299a685\" rel=\"nofollow noopener\" target=\"_blank\">Joel (Jo\u00e3o Jesus)<\/a>, dizendo que tudo de desmoronou quando ele foi raptado, revelando pela primeira vez ao filho que Jorge (Heitor Louren\u00e7o), o pai dele, a culpou de tudo e a deixou com o pretexto de prosseguir a carreira de m\u00e9dico em \u00c1frica.<\/p>\n<p>Becas diz que depois disso conheceu <a href=\"https:\/\/tvi.iol.pt\/novelas\/videos\/gustavo-anuncia-decisao-drastica-de-mafalda-nao-quer-trabalhar-mais-aqui\/677fd0870cf23ab655363afc\" rel=\"nofollow noopener\" target=\"_blank\">Gustavo (Nuno Pardal)<\/a>, que afinal somente se casou com ela por interesse e no fim tentou mat\u00e1-la. Joel abre surpreso a porta a Jorge. \u00a0<\/p>\n<p>Jorge desconstr\u00f3i a Joel a narrativa de Becas de ele a ter deixado por a culpar pelo seu desaparecimento, dizendo que infelizmente Becas decidiu abortar o filho que iam ter logo ap\u00f3s ele ter desaparecido, e preferiu mergulhar no \u00e1lcool para esquecer os problemas, tendo acabado por se divorciarem. Joel diz ao pai haver um motivo forte para Becas ter voltado a beber. \u00a0<\/p>\n<p>Joel conta a Jorge que Gustavo est\u00e1 sob suspeita de ter mandado matar Becas em Angola. Jorge diz a Joel para tentar perceber bem se Becas n\u00e3o est\u00e1 a confundir as coisas por ela ter uma vis\u00e3o turva da realidade. Becas surge a acusar Jorge de estar a tentar meter Joel contra ela. Becas e Jorge discutem \u00e0 frente de Joel a esgrimirem os motivos de se terem divorciado, com Becas a defender que ele a culpava de tudo, e Jorge a dizer que foi ela quem se afastou dele por causa do \u00e1lcool. Joel decide n\u00e3o ficar mais ali a assistir \u00e0quilo, saindo disparado.<\/p>\n<p>Relembre o momento em que Becas revelou a Joel que era a sua m\u00e3e:<\/p>\n<p>\u00a0<\/p>\n","protected":false},"excerpt":{"rendered":"Em \u00abA Fazenda\u00bb, Becas (Rita Loureiro)\u00a0conta a hist\u00f3ria da sua vida a Joel (Jo\u00e3o Jesus), dizendo que tudo&hellip;\n","protected":false},"author":2,"featured_media":80543,"comment_status":"","ping_status":"","sticky":false,"template":"","format":"standard","meta":{"footnotes":""},"categories":[85],"tags":[657,160,6096,166,114,115,157,167,4460,721,723,886,164,161,158,165,159,32,33,156,6093,163,162],"class_list":{"0":"post-80542","1":"post","2":"type-post","3":"status-publish","4":"format-standard","5":"has-post-thumbnail","7":"category-entretenimento","8":"tag-a-fazenda","9":"tag-ana-guiomar","10":"tag-becas","11":"tag-cristina-ferreira","12":"tag-entertainment","13":"tag-entretenimento","14":"tag-festa-e-festa","15":"tag-ficcao","16":"tag-heitor-lourenco","17":"tag-joao-jesus","18":"tag-joel","19":"tag-jorge","20":"tag-jose-fidalgo","21":"tag-novelas","22":"tag-para-sempre","23":"tag-pedro-sousa","24":"tag-pedro-teixeira","25":"tag-portugal","26":"tag-pt","27":"tag-queridos-papas","28":"tag-rita-loureiro","29":"tag-tiago-teotonio-pereira","30":"tag-tvi"},"share_on_mastodon":{"url":"","error":""},"_links":{"self":[{"href":"https:\/\/www.europesays.com\/pt\/wp-json\/wp\/v2\/posts\/80542","targetHints":{"allow":["GET"]}}],"collection":[{"href":"https:\/\/www.europesays.com\/pt\/wp-json\/wp\/v2\/posts"}],"about":[{"href":"https:\/\/www.europesays.com\/pt\/wp-json\/wp\/v2\/types\/post"}],"author":[{"embeddable":true,"href":"https:\/\/www.europesays.com\/pt\/wp-json\/wp\/v2\/users\/2"}],"replies":[{"embeddable":true,"href":"https:\/\/www.europesays.com\/pt\/wp-json\/wp\/v2\/comments?post=80542"}],"version-history":[{"count":0,"href":"https:\/\/www.europesays.com\/pt\/wp-json\/wp\/v2\/posts\/80542\/revisions"}],"wp:featuredmedia":[{"embeddable":true,"href":"https:\/\/www.europesays.com\/pt\/wp-json\/wp\/v2\/media\/80543"}],"wp:attachment":[{"href":"https:\/\/www.europesays.com\/pt\/wp-json\/wp\/v2\/media?parent=80542"}],"wp:term":[{"taxonomy":"category","embeddable":true,"href":"https:\/\/www.europesays.com\/pt\/wp-json\/wp\/v2\/categories?post=80542"},{"taxonomy":"post_tag","embeddable":true,"href":"https:\/\/www.europesays.com\/pt\/wp-json\/wp\/v2\/tags?post=80542"}],"curies":[{"name":"wp","href":"https:\/\/api.w.org\/{rel}","templated":true}]}}