{"id":80546,"date":"2025-09-21T14:28:35","date_gmt":"2025-09-21T14:28:35","guid":{"rendered":"https:\/\/www.europesays.com\/pt\/80546\/"},"modified":"2025-09-21T14:28:35","modified_gmt":"2025-09-21T14:28:35","slug":"zona-transfronteirica-ganha-nova-vida-com-espaco-de-cowork-radio-portalegre","status":"publish","type":"post","link":"https:\/\/www.europesays.com\/pt\/80546\/","title":{"rendered":"zona transfronteiri\u00e7a ganha nova vida com espa\u00e7o de cowork \u2013 R\u00e1dio Portalegre"},"content":{"rendered":"<p>Os n\u00f3madas digitais e demais empreendedores t\u00eam um novo espa\u00e7o de Cowork Transfronteiri\u00e7o, inaugurado este s\u00e1bado no Centro de Inova\u00e7\u00e3o Tur\u00edstica do Tejo Internacional (CITTI), no concelho de Marv\u00e3o.<\/p>\n<p>Na cerim\u00f3nia, que abriu as portas a este novo espa\u00e7o, o presidente da C\u00e2mara de Marv\u00e3o, Lu\u00eds Vitorino, destacou o local estrat\u00e9gico e singular desta nova val\u00eancia, na zona de fronteira entre Portugal e Espanha.<\/p>\n<p>O autarca sublinhou ainda que o CITTI vai dispor de um restaurante que \u201cest\u00e1 pronto a funcionar\u201d, perspetivando que a abertura do concurso possa ser lan\u00e7ada pelo pr\u00f3ximo executivo da C\u00e2mara de Marv\u00e3o.<\/p>\n<p>A inaugura\u00e7\u00e3o do Cowork Transfronteiri\u00e7o contou tamb\u00e9m com a presen\u00e7a de autarcas e outras entidades espanholas, nomeadamente de C\u00e1ceres e Valencia de Alc\u00e2ntara.<\/p>\n<p>A infraestrutura conta com dez espa\u00e7os de trabalho individuais, uma sala de reuni\u00f5es com capacidade para 20 pessoas, \u00e1rea de networking e eventos, equipamento audiovisual, copa e instala\u00e7\u00f5es sanit\u00e1rias.<\/p>\n<p>O projeto, liderado pelo Munic\u00edpio de Marv\u00e3o, foi financiado pelo Programa Operacional de Coopera\u00e7\u00e3o Transfronteiri\u00e7a Espanha-Portugal (POCTEP), num investimento que ronda os 20 mil euros.<\/p>\n","protected":false},"excerpt":{"rendered":"Os n\u00f3madas digitais e demais empreendedores t\u00eam um novo espa\u00e7o de Cowork Transfronteiri\u00e7o, inaugurado este s\u00e1bado no Centro&hellip;\n","protected":false},"author":2,"featured_media":80547,"comment_status":"","ping_status":"","sticky":false,"template":"","format":"standard","meta":{"footnotes":""},"categories":[10],"tags":[27,28,15,16,14,25,26,21,22,12,13,19,20,32,23,24,33,17,18,29,30,31],"class_list":{"0":"post-80546","1":"post","2":"type-post","3":"status-publish","4":"format-standard","5":"has-post-thumbnail","7":"category-portugal","8":"tag-breaking-news","9":"tag-breakingnews","10":"tag-featured-news","11":"tag-featurednews","12":"tag-headlines","13":"tag-latest-news","14":"tag-latestnews","15":"tag-main-news","16":"tag-mainnews","17":"tag-news","18":"tag-noticias","19":"tag-noticias-principais","20":"tag-noticiasprincipais","21":"tag-portugal","22":"tag-principais-noticias","23":"tag-principaisnoticias","24":"tag-pt","25":"tag-top-stories","26":"tag-topstories","27":"tag-ultimas","28":"tag-ultimas-noticias","29":"tag-ultimasnoticias"},"share_on_mastodon":{"url":"","error":""},"_links":{"self":[{"href":"https:\/\/www.europesays.com\/pt\/wp-json\/wp\/v2\/posts\/80546","targetHints":{"allow":["GET"]}}],"collection":[{"href":"https:\/\/www.europesays.com\/pt\/wp-json\/wp\/v2\/posts"}],"about":[{"href":"https:\/\/www.europesays.com\/pt\/wp-json\/wp\/v2\/types\/post"}],"author":[{"embeddable":true,"href":"https:\/\/www.europesays.com\/pt\/wp-json\/wp\/v2\/users\/2"}],"replies":[{"embeddable":true,"href":"https:\/\/www.europesays.com\/pt\/wp-json\/wp\/v2\/comments?post=80546"}],"version-history":[{"count":0,"href":"https:\/\/www.europesays.com\/pt\/wp-json\/wp\/v2\/posts\/80546\/revisions"}],"wp:featuredmedia":[{"embeddable":true,"href":"https:\/\/www.europesays.com\/pt\/wp-json\/wp\/v2\/media\/80547"}],"wp:attachment":[{"href":"https:\/\/www.europesays.com\/pt\/wp-json\/wp\/v2\/media?parent=80546"}],"wp:term":[{"taxonomy":"category","embeddable":true,"href":"https:\/\/www.europesays.com\/pt\/wp-json\/wp\/v2\/categories?post=80546"},{"taxonomy":"post_tag","embeddable":true,"href":"https:\/\/www.europesays.com\/pt\/wp-json\/wp\/v2\/tags?post=80546"}],"curies":[{"name":"wp","href":"https:\/\/api.w.org\/{rel}","templated":true}]}}