{"id":80548,"date":"2025-09-21T14:29:14","date_gmt":"2025-09-21T14:29:14","guid":{"rendered":"https:\/\/www.europesays.com\/pt\/80548\/"},"modified":"2025-09-21T14:29:14","modified_gmt":"2025-09-21T14:29:14","slug":"jose-mourinho-comeca-no-benfica-tal-como-acabara-a-ganhar-por-3-0-benfica","status":"publish","type":"post","link":"https:\/\/www.europesays.com\/pt\/80548\/","title":{"rendered":"Jos\u00e9 Mourinho come\u00e7a no Benfica tal como acabara: a ganhar por 3-0 &#8211; Benfica"},"content":{"rendered":"<p>                    07:06<\/p>\n<p>Triunfo semelhante obtido frente ao Sporting h\u00e1 25 anos<\/p>\n<p class=\"\">&#13;<br \/>\n        Quem sabe nunca esquece. Jos\u00e9 Mourinho voltou ao banco do Benfica, passados 25 anos, e, tal como sucedeu na despedida das \u00e1guias na primeira passagem em 2000\/01, acabou por registar uma vit\u00f3ria por 3-0. Ora, na altura, ainda a 3 de dezembro de 2000, o t\u00e9cnico portugu\u00eas conduziu as \u00e1guias a um triunfo por tal margem no d\u00e9rbi eterno com o Sporting e, desta feita, repetiu o marcador no regresso perante os adeptos benfiquistas.&#13;\n    <\/p>\n<p>                        Para ler TODOS OS ARTIGOS RECORD PREMIUM durante o dia 21.09.2025 insira o seu n\u00famero de telem\u00f3vel e clique em OK<\/p>\n<p>Consulte a aplica\u00e7\u00e3o MBway no seu telem\u00f3vel e aceite a transa\u00e7\u00e3o&#13;\n                    <\/p>\n<p>                        Os seus dados n\u00e3o ser\u00e3o guardados pelo Record<\/p>\n<p>                    Por Filipe Balreira<\/p>\n","protected":false},"excerpt":{"rendered":"07:06 Triunfo semelhante obtido frente ao Sporting h\u00e1 25 anos &#13; Quem sabe nunca esquece. Jos\u00e9 Mourinho voltou&hellip;\n","protected":false},"author":2,"featured_media":80549,"comment_status":"","ping_status":"","sticky":false,"template":"","format":"standard","meta":{"footnotes":""},"categories":[8],"tags":[27,28,15,16,14,25,26,21,22,12,13,19,20,32,23,24,33,17,18,29,30,31],"class_list":{"0":"post-80548","1":"post","2":"type-post","3":"status-publish","4":"format-standard","5":"has-post-thumbnail","7":"category-principais-noticias","8":"tag-breaking-news","9":"tag-breakingnews","10":"tag-featured-news","11":"tag-featurednews","12":"tag-headlines","13":"tag-latest-news","14":"tag-latestnews","15":"tag-main-news","16":"tag-mainnews","17":"tag-news","18":"tag-noticias","19":"tag-noticias-principais","20":"tag-noticiasprincipais","21":"tag-portugal","22":"tag-principais-noticias","23":"tag-principaisnoticias","24":"tag-pt","25":"tag-top-stories","26":"tag-topstories","27":"tag-ultimas","28":"tag-ultimas-noticias","29":"tag-ultimasnoticias"},"share_on_mastodon":{"url":"","error":""},"_links":{"self":[{"href":"https:\/\/www.europesays.com\/pt\/wp-json\/wp\/v2\/posts\/80548","targetHints":{"allow":["GET"]}}],"collection":[{"href":"https:\/\/www.europesays.com\/pt\/wp-json\/wp\/v2\/posts"}],"about":[{"href":"https:\/\/www.europesays.com\/pt\/wp-json\/wp\/v2\/types\/post"}],"author":[{"embeddable":true,"href":"https:\/\/www.europesays.com\/pt\/wp-json\/wp\/v2\/users\/2"}],"replies":[{"embeddable":true,"href":"https:\/\/www.europesays.com\/pt\/wp-json\/wp\/v2\/comments?post=80548"}],"version-history":[{"count":0,"href":"https:\/\/www.europesays.com\/pt\/wp-json\/wp\/v2\/posts\/80548\/revisions"}],"wp:featuredmedia":[{"embeddable":true,"href":"https:\/\/www.europesays.com\/pt\/wp-json\/wp\/v2\/media\/80549"}],"wp:attachment":[{"href":"https:\/\/www.europesays.com\/pt\/wp-json\/wp\/v2\/media?parent=80548"}],"wp:term":[{"taxonomy":"category","embeddable":true,"href":"https:\/\/www.europesays.com\/pt\/wp-json\/wp\/v2\/categories?post=80548"},{"taxonomy":"post_tag","embeddable":true,"href":"https:\/\/www.europesays.com\/pt\/wp-json\/wp\/v2\/tags?post=80548"}],"curies":[{"name":"wp","href":"https:\/\/api.w.org\/{rel}","templated":true}]}}