{"id":80563,"date":"2025-09-21T14:42:07","date_gmt":"2025-09-21T14:42:07","guid":{"rendered":"https:\/\/www.europesays.com\/pt\/80563\/"},"modified":"2025-09-21T14:42:07","modified_gmt":"2025-09-21T14:42:07","slug":"paulo-nuncio-colhido-em-garraiada-em-vila-franca-de-xira-observador","status":"publish","type":"post","link":"https:\/\/www.europesays.com\/pt\/80563\/","title":{"rendered":"Paulo N\u00fancio colhido em garraiada em Vila Franca de Xira \u2013 Observador"},"content":{"rendered":"<p>O l\u00edder parlamentar do CDS-PP, Paulo N\u00fancio, e <a href=\"https:\/\/observador.pt\/2025\/07\/29\/autarquicas-paulo-nuncio-e-o-candidato-do-cds-pp-a-vila-franca-de-xira\/\" target=\"_blank\" rel=\"noopener nofollow\">candidato do partido a Vila Franca de Xira<\/a> foi colhido numa garraiada este s\u00e1bado naquele munic\u00edpio. Ao Observador, Paulo N\u00fancio reage de forma humorada ao dizer que est\u00e1 bem, que \u201cfoi uma tarde muito bem passada\u201d e que \u201ccomo estava anunciado o candidato pegou (ou tentou pegar) um bezerro\u201d.<\/p>\n<p>Num v\u00eddeo a que o Observador teve acesso \u00e9 poss\u00edvel ver o candidato, cujo slogan de campanha \u00e9 \u201c<strong>Pegar<\/strong> os problemas com coragem\u201d, a enfrentar um animal, precisamente numa pega. Mas acaba por ser colhido. As imagens mostram Paulo N\u00fancio a ser ajudado a levantar-se do ch\u00e3o por v\u00e1rios homens.<\/p>\n<p>Nas redes sociais do l\u00edder parlamentar do CDS-PP \u00e9 poss\u00edvel ver v\u00e1rias imagens no tentadero do Cabo em Vila Franca de Xira, como provam os m\u00faltiplos v\u00eddeos partilhados em hist\u00f3rias no Instagram.<\/p>\n<p>De resto, Paulo N\u00fancio, ex-secret\u00e1rio de Estado dos Assuntos Fiscais no Governo de Pedro Passos Coelho, \u00e9 um conhecido defensor da tourada como espet\u00e1culo cultural. \u201cSempre que atacarem a tauromaquia, o CDS estar\u00e1 aqui a defender a festa brava\u201d, disse em janeiro, numa cr\u00edtica \u00e0 vontade do PAN para revogar a descida da taxa de IVA dos espet\u00e1culos taurom\u00e1quicos de 23% para 6% e voltar a colocar a taxa nos 23%.<\/p>\n<p>Em Vila Franca de Xira, Paulo N\u00fancio concorre contra o PSD, que vai coligado com a Iniciativa Liberal. A candidatura social-democrata, liderada por David Pato Ferreira, tem como mandat\u00e1rio Sebasti\u00e3o Bugalho, que foi o cabe\u00e7a de lista \u00e0s Europeias pelo PSD e CDS em 2024.<\/p>\n<p>                            Se tiver uma hist\u00f3ria que queira partilhar sobre irregularidades na sua autarquia, preencha<br \/>\n                            <a href=\"https:\/\/forms.gle\/uQ1gDpSwmRd7ezUf8\" target=\"_blank\" rel=\"noopener noreferrer nofollow\">este formul\u00e1rio an\u00f3nimo<\/a>.<\/p>\n","protected":false},"excerpt":{"rendered":"O l\u00edder parlamentar do CDS-PP, Paulo N\u00fancio, e candidato do partido a Vila Franca de Xira foi colhido&hellip;\n","protected":false},"author":2,"featured_media":80564,"comment_status":"","ping_status":"","sticky":false,"template":"","format":"standard","meta":{"footnotes":""},"categories":[10],"tags":[27,28,4580,15,16,14,25,26,21,22,12,13,19,20,302,32,23,24,33,17,18,29,30,31],"class_list":{"0":"post-80563","1":"post","2":"type-post","3":"status-publish","4":"format-standard","5":"has-post-thumbnail","7":"category-portugal","8":"tag-breaking-news","9":"tag-breakingnews","10":"tag-cds-pp","11":"tag-featured-news","12":"tag-featurednews","13":"tag-headlines","14":"tag-latest-news","15":"tag-latestnews","16":"tag-main-news","17":"tag-mainnews","18":"tag-news","19":"tag-noticias","20":"tag-noticias-principais","21":"tag-noticiasprincipais","22":"tag-polu00edtica","23":"tag-portugal","24":"tag-principais-noticias","25":"tag-principaisnoticias","26":"tag-pt","27":"tag-top-stories","28":"tag-topstories","29":"tag-ultimas","30":"tag-ultimas-noticias","31":"tag-ultimasnoticias"},"share_on_mastodon":{"url":"","error":""},"_links":{"self":[{"href":"https:\/\/www.europesays.com\/pt\/wp-json\/wp\/v2\/posts\/80563","targetHints":{"allow":["GET"]}}],"collection":[{"href":"https:\/\/www.europesays.com\/pt\/wp-json\/wp\/v2\/posts"}],"about":[{"href":"https:\/\/www.europesays.com\/pt\/wp-json\/wp\/v2\/types\/post"}],"author":[{"embeddable":true,"href":"https:\/\/www.europesays.com\/pt\/wp-json\/wp\/v2\/users\/2"}],"replies":[{"embeddable":true,"href":"https:\/\/www.europesays.com\/pt\/wp-json\/wp\/v2\/comments?post=80563"}],"version-history":[{"count":0,"href":"https:\/\/www.europesays.com\/pt\/wp-json\/wp\/v2\/posts\/80563\/revisions"}],"wp:featuredmedia":[{"embeddable":true,"href":"https:\/\/www.europesays.com\/pt\/wp-json\/wp\/v2\/media\/80564"}],"wp:attachment":[{"href":"https:\/\/www.europesays.com\/pt\/wp-json\/wp\/v2\/media?parent=80563"}],"wp:term":[{"taxonomy":"category","embeddable":true,"href":"https:\/\/www.europesays.com\/pt\/wp-json\/wp\/v2\/categories?post=80563"},{"taxonomy":"post_tag","embeddable":true,"href":"https:\/\/www.europesays.com\/pt\/wp-json\/wp\/v2\/tags?post=80563"}],"curies":[{"name":"wp","href":"https:\/\/api.w.org\/{rel}","templated":true}]}}