{"id":80570,"date":"2025-09-21T14:50:07","date_gmt":"2025-09-21T14:50:07","guid":{"rendered":"https:\/\/www.europesays.com\/pt\/80570\/"},"modified":"2025-09-21T14:50:07","modified_gmt":"2025-09-21T14:50:07","slug":"super-max-verstappen-voa-e-garante-grand-slam-no-azerbaijao","status":"publish","type":"post","link":"https:\/\/www.europesays.com\/pt\/80570\/","title":{"rendered":"Super Max! Verstappen voa e garante Grand Slam no Azerbaij\u00e3o"},"content":{"rendered":"<p>Max Verstappen voou, n\u00e3o permitiu qualquer ataque advers\u00e1rio e venceu o Grande Pr\u00e9mio do Azerbaij\u00e3o de F\u00f3rmula 1! O piloto da Red Bull sorriu e garantiu mais um Grand Slam, o sexto na carreira &#8211; pole position, vit\u00f3ria, volta mais r\u00e1pida e liderar a corrida da primeira \u00e0 \u00faltima volta.<\/p>\n<p>Em segundo lugar ficou George Russell, que come\u00e7ou na quinta posi\u00e7\u00e3o, mas conseguiu cavalgar at\u00e9 \u00e0 \u00abmedalha de prata\u00bb. Em terceiro lugar ficou Carlos Sainz, que voltou a cantar \u00abSmooth Operator\u00bb, algo que n\u00e3o fazia desde Abu Dhabi 2024. A Williams n\u00e3o conquistava um p\u00f3dio desde 2021, na B\u00e9lgica.<\/p>\n<p><a href=\"https:\/\/maisfutebol.iol.pt\/cronologia\/68cfd08bd34ee0c2fed057dd\" target=\"_blank\" rel=\"nofollow noopener\">SAIBA O FILME DA CORRIDA\u00a0<\/a><\/p>\n<p>No que toca \u00e0 corrida, esta ficou marcada por um acidente madrugador, com Oscar Piastri, l\u00edder do campeonato, a bater no muro e a abandonar logo na primeira volta. Depois de uma falsa partida, perdendo v\u00e1rios lugares no grid, o piloto da McLaren n\u00e3o conseguiu controlar o carro e repetiu o que j\u00e1 tinha feito durante a qualifica\u00e7\u00e3o.<\/p>\n<p>No entanto, ao contr\u00e1rio da qualifica\u00e7\u00e3o deste s\u00e1bado, a corrida pouco parou e s\u00f3 mesmo Piastri \u00e9 que abandonou.<\/p>\n<p>Norris, que podia ter roubado v\u00e1rios pontos ao colega de equipa, apenas conseguiu seis. Apesar de ter come\u00e7ado longe da lideran\u00e7a, o brit\u00e2nico estava consistente na corrida, mas foi prejudicado devido a um pit stop lento e acabou em s\u00e9timo lugar, numa altura em que estava de olho na quinta posi\u00e7\u00e3o.<\/p>\n<p>A McLaren, que podia sagrar-se campe\u00e3 do Mundial de Construtores j\u00e1 nesta corrida, n\u00e3o conseguiu atingir tal feito, mas continua a liderar com 623 pontos.<\/p>\n<p>No que toca ao resto da classifica\u00e7\u00e3o, Antonelli ficou em quarto, seguido por Lawson, Tsunoda, Norris, Hamilton, Leclerc e Hadjar.<\/p>\n","protected":false},"excerpt":{"rendered":"Max Verstappen voou, n\u00e3o permitiu qualquer ataque advers\u00e1rio e venceu o Grande Pr\u00e9mio do Azerbaij\u00e3o de F\u00f3rmula 1!&hellip;\n","protected":false},"author":2,"featured_media":80571,"comment_status":"","ping_status":"","sticky":false,"template":"","format":"standard","meta":{"footnotes":""},"categories":[87],"tags":[5968,8241,20320,135,970,971,20709,18961,82,46,1750,1830,32,33,47,134],"class_list":{"0":"post-80570","1":"post","2":"type-post","3":"status-publish","4":"format-standard","5":"has-post-thumbnail","7":"category-desporto","8":"tag-automobilismo","9":"tag-azerbaijao","10":"tag-carlos-sainz","11":"tag-desporto","12":"tag-f1","13":"tag-formula-1","14":"tag-george-russell","15":"tag-grande-premio","16":"tag-internacional","17":"tag-maisfutebol","18":"tag-max-verstappen","19":"tag-modalidades","20":"tag-portugal","21":"tag-pt","22":"tag-pura-paixao","23":"tag-sports"},"share_on_mastodon":{"url":"","error":""},"_links":{"self":[{"href":"https:\/\/www.europesays.com\/pt\/wp-json\/wp\/v2\/posts\/80570","targetHints":{"allow":["GET"]}}],"collection":[{"href":"https:\/\/www.europesays.com\/pt\/wp-json\/wp\/v2\/posts"}],"about":[{"href":"https:\/\/www.europesays.com\/pt\/wp-json\/wp\/v2\/types\/post"}],"author":[{"embeddable":true,"href":"https:\/\/www.europesays.com\/pt\/wp-json\/wp\/v2\/users\/2"}],"replies":[{"embeddable":true,"href":"https:\/\/www.europesays.com\/pt\/wp-json\/wp\/v2\/comments?post=80570"}],"version-history":[{"count":0,"href":"https:\/\/www.europesays.com\/pt\/wp-json\/wp\/v2\/posts\/80570\/revisions"}],"wp:featuredmedia":[{"embeddable":true,"href":"https:\/\/www.europesays.com\/pt\/wp-json\/wp\/v2\/media\/80571"}],"wp:attachment":[{"href":"https:\/\/www.europesays.com\/pt\/wp-json\/wp\/v2\/media?parent=80570"}],"wp:term":[{"taxonomy":"category","embeddable":true,"href":"https:\/\/www.europesays.com\/pt\/wp-json\/wp\/v2\/categories?post=80570"},{"taxonomy":"post_tag","embeddable":true,"href":"https:\/\/www.europesays.com\/pt\/wp-json\/wp\/v2\/tags?post=80570"}],"curies":[{"name":"wp","href":"https:\/\/api.w.org\/{rel}","templated":true}]}}