{"id":80615,"date":"2025-09-21T15:39:14","date_gmt":"2025-09-21T15:39:14","guid":{"rendered":"https:\/\/www.europesays.com\/pt\/80615\/"},"modified":"2025-09-21T15:39:14","modified_gmt":"2025-09-21T15:39:14","slug":"o-risco-de-uma-nova-pandemia-nesse-momento-vem-principalmente-das-americas-afirma-virologista","status":"publish","type":"post","link":"https:\/\/www.europesays.com\/pt\/80615\/","title":{"rendered":"&#8216;O risco de uma nova pandemia nesse momento vem principalmente das Am\u00e9ricas&#8217;, afirma virologista"},"content":{"rendered":"\n<p class=\" content-text__container theme-color-primary-first-letter\" data-track-category=\"Link no Texto\" data-track-links=\"\"> Especialistas n\u00e3o cansam de dizer que a pr\u00f3xima pandemia n\u00e3o \u00e9 uma quest\u00e3o de \u201cse\u201d, mas \u201cquando\u201d e muitos acreditam que isso n\u00e3o deve demorar muito para acontecer. Um dos poss\u00edveis causadores dessa emerg\u00eancia mundial de sa\u00fade \u00e9 o v\u00edrus da <a class=\"\" href=\"https:\/\/oglobo.globo.com\/tudo-sobre\/assunto\/gripe-aviaria\/\" rel=\"nofollow noopener\" target=\"_blank\">gripe avi\u00e1ria<\/a> H5N1, que foi muito falado no \u00faltimo ano devido ao surto no rebanho leiteiro dos EUA. <\/p>\n<ul class=\"content-unordered-list\">\n<li><strong>Alzheimer:<\/strong> <a class=\"\" href=\"https:\/\/oglobo.globo.com\/saude\/especial\/alzheimer-os-avancos-no-tratamento-que-estao-mudando-o-perfil-da-doenca-e-as-novas-drogas-que-vao-chegar.ghtml\" rel=\"nofollow noopener\" target=\"_blank\">os avan\u00e7os no tratamento que est\u00e3o mudando o perfil da doen\u00e7a (e as novas drogas que v\u00e3o chegar)<\/a><\/li>\n<li><strong>&#8216;Brain freeze&#8217;:<\/strong><a class=\"\" href=\"https:\/\/oglobo.globo.com\/saude\/noticia\/2025\/09\/21\/por-que-sentimos-dor-na-cabeca-ao-tomar-sorvetes-ou-bebidas-muito-frias.ghtml\" rel=\"nofollow noopener\" target=\"_blank\"> Por que sentimos dor na cabe\u00e7a ao tomar sorvetes ou bebidas muito frias?<\/a><\/li>\n<\/ul>\n<p class=\" content-text__container \" data-track-category=\"Link no Texto\" data-track-links=\"\"> Atualmente, quase todos os estados americanos t\u00eam focos da doen\u00e7a, seja em aves, gado leiteiro ou outros animais. Al\u00e9m disso, a doen\u00e7a tamb\u00e9m j\u00e1 \u00e9 end\u00eamica em animais em outros pa\u00edses das Am\u00e9ricas. Diante disso, a m\u00e9dica virologista e infectologista Nacy Bellei, professora da Unifesp, afirma que nesse momento, \u201co foco e risco de uma nova pandemia vem principalmente das Am\u00e9ricas e dos Estados Unidos\u201d. <\/p>\n<p class=\" content-text__container \" data-track-category=\"Link no Texto\" data-track-links=\"\"> \u2014 Voc\u00ea v\u00ea v\u00e1rios animais, n\u00e3o s\u00f3 aves, como mam\u00edferos infectados, e o gen\u00f3tipo desse v\u00edrus se modificando rapidamente, de tal forma que num determinado animal, por exemplo, nos mam\u00edferos marinhos, causa um tipo de quadro, nas aves, outro, e no gado, outro. Ent\u00e3o a gente v\u00ea uma extensa modifica\u00e7\u00e3o \u2014 diz a m\u00e9dica em um panorama sobre o que est\u00e1 por vir em rela\u00e7\u00e3o \u00e0 gripe sazonal e \u00e0 gripe avi\u00e1ria, apresentado durante o 24\u00ba Congresso Brasileiro de Infectologia, realizado em Florian\u00f3polis. <\/p>\n<p class=\" content-text__container \" data-track-category=\"Link no Texto\" data-track-links=\"\"> Em rela\u00e7\u00e3o aos casos em humanos, desde 2022, foram registrados 70 casos em humanos nos EUA, a imensa maioria leve, tendo como principal sintoma a conjuntivite. Segundo Bellei, muitas pessoas acreditam que isso seja um indicador que a infec\u00e7\u00e3o por H5N1 em humanos \u00e9 leve, mas n\u00e3o \u00e9 bem assim. <\/p>\n<p class=\" content-text__container \" data-track-category=\"Link no Texto\" data-track-links=\"\"> Os v\u00edrus da gripe avi\u00e1ria se ligam preferencialmente a um tipo de receptor de \u00e1cido si\u00e1lico predominante em aves, enquanto os v\u00edrus da gripe sazonal humana se ligam a outro tipo de receptor de \u00e1cido si\u00e1lico predominante no trato respirat\u00f3rio humano. No olho humano, o receptor &#8220;das aves&#8221; \u00e9 o mais frequentemente encontrado. Esse receptor tamb\u00e9m est\u00e1 muito presente na gl\u00e2ndula mam\u00e1ria das vacas. Ent\u00e3o isso explicaria por que o v\u00edrus est\u00e1 causando infec\u00e7\u00f5es oculares em humanos que contra\u00edram a infec\u00e7\u00e3o ap\u00f3s o contato com o gado leiteiro. <\/p>\n<p class=\" content-text__container \" data-track-category=\"Link no Texto\" data-track-links=\"\"> Isso significa tamb\u00e9m que n\u00e3o sabemos se o H5N1 vai se adaptar aos humanos e o que vai causar, em termos de sintomas e de transmiss\u00e3o, quando isso acontecer. No entanto, segundo Bellei, temos o cen\u00e1rio ideal para aumentar o risco potencial de uma nova pandemia. <\/p>\n<p class=\" content-text__container \" data-track-category=\"Link no Texto\" data-track-links=\"\"> E qual \u00e9 esse cen\u00e1rio? A possibilidade de adapta\u00e7\u00e3o do v\u00edrus H5N1 ao organismo humano, associado \u00e0 ampla circula\u00e7\u00e3o do <a class=\"\" href=\"https:\/\/oglobo.globo.com\/tudo-sobre\/assunto\/influenza\" rel=\"nofollow noopener\" target=\"_blank\">influenza<\/a> em uma popula\u00e7\u00e3o humana pouco imunizada. <\/p>\n<p class=\" content-text__container \" data-track-category=\"Link no Texto\" data-track-links=\"\"> Para come\u00e7ar, j\u00e1 est\u00e1 bem claro que o H5N1 \u00e9 um v\u00edrus end\u00eamico entre animais na regi\u00e3o das Am\u00e9ricas e n\u00e3o apenas entre aves, mas tamb\u00e9m entre mam\u00edferos. <\/p>\n<p class=\" content-text__container \" data-track-category=\"Link no Texto\" data-track-links=\"\"> \u2014 A gente tem que lembrar que a grande maioria das pandemias n\u00e3o foi um v\u00edrus avi\u00e1rio direto. Era um v\u00edrus de origem aviaria, que fez uma combina\u00e7\u00e3o com outro influenza, de outro animal. Geralmente foram os su\u00ednos, porque eles t\u00eam os dois tipos de receptores (presentes em aves e em humanos) e convivem com a esp\u00e9cie humana. Ent\u00e3o o su\u00edno pode ser uma fonte para a esp\u00e9cie humana \u2014 explica Bellei. \u2014 E o grande problema \u00e9 que n\u00e3o fazemos vigil\u00e2ncia em su\u00edno \u2014 completa. <\/p>\n<p class=\" content-text__container \" data-track-category=\"Link no Texto\" data-track-links=\"\"> Al\u00e9m disso, esse ano houve grande circula\u00e7\u00e3o do influenza, causador da gripe, entre humanos. Dados do boletim Infogripe, da Fiocruz, mostram que 52% das mortes por s\u00edndrome respirat\u00f3ria aguda grave (Srag) confirmadas este ano foram causadas pelo influenza A. Por outro lado, a taxa de vacina\u00e7\u00e3o de gripe entre idosos, um dos grupos mais suscet\u00edveis a quadro graves da doen\u00e7a, teve o menor \u00edndice dos \u00faltimos seis anos, atingindo apenas 42% de cobertura. <\/p>\n<p class=\" content-text__container \" data-track-category=\"Link no Texto\" data-track-links=\"\"> \u2014 O risco para a esp\u00e9cie humana, pelo CDC e pelas ag\u00eancias internacionais, ainda \u00e9 considerado baixo, mas n\u00e3o \u00e9 zero. E o comportamento do v\u00edrus est\u00e1 end\u00eamico. A possibilidade de rearranjo gen\u00e9tico com su\u00ednos, com a ampla circula\u00e7\u00e3o de influ\u00eancia na popula\u00e7\u00e3o humana, pouco imunizada, porque temos uma baixa ader\u00eancia de vacina\u00e7\u00e3o, \u00e9 o cen\u00e1rio ideal para aumentar o risco potencial de uma nova pandemia \u2014 avalia Bellei. <\/p>\n<p class=\" content-text__container \" data-track-category=\"Link no Texto\" data-track-links=\"\"> A boa not\u00edcia \u00e9 que existem alguns estudos que indicam que uma infec\u00e7\u00e3o pr\u00e9via pelo H1N1 (v\u00edrus causador da gripe) ou ainda ter tomado a vacina de gripe pode conferir algum grau de prote\u00e7\u00e3o contra o H5N1. Al\u00e9m disso, j\u00e1 existem vacinas prontas e aprovadas contra o v\u00edrus. <\/p>\n<p class=\" content-text__container \" data-track-category=\"Link no Texto\" data-track-links=\"\"> As vacinas contra o H5N1 est\u00e3o dispon\u00edveis e em uso em algumas regi\u00f5es para grupos de alto risco, como avicultores, a fim de prevenir a infec\u00e7\u00e3o pela gripe avi\u00e1ria. Al\u00e9m das vacinas tradicionais, est\u00e3o em desenvolvimento vacinas de mRNA contra o H5N1, que permitem atualiza\u00e7\u00f5es mais r\u00e1pidas caso haja mudan\u00e7a na cepa do v\u00edrus. <\/p>\n<p class=\" content-text__container \" data-track-category=\"Link no Texto\" data-track-links=\"\"> *A rep\u00f3rter viajou a convite da Sociedade Brasileira de Infectologia  <\/p>\n","protected":false},"excerpt":{"rendered":"Especialistas n\u00e3o cansam de dizer que a pr\u00f3xima pandemia n\u00e3o \u00e9 uma quest\u00e3o de \u201cse\u201d, mas \u201cquando\u201d e&hellip;\n","protected":false},"author":2,"featured_media":80616,"comment_status":"","ping_status":"","sticky":false,"template":"","format":"standard","meta":{"footnotes":""},"categories":[86],"tags":[3861,116,2850,32,33,679,117],"class_list":{"0":"post-80615","1":"post","2":"type-post","3":"status-publish","4":"format-standard","5":"has-post-thumbnail","7":"category-saude","8":"tag-gripe-aviaria","9":"tag-health","10":"tag-influenza","11":"tag-portugal","12":"tag-pt","13":"tag-reportagem","14":"tag-saude"},"share_on_mastodon":{"url":"","error":""},"_links":{"self":[{"href":"https:\/\/www.europesays.com\/pt\/wp-json\/wp\/v2\/posts\/80615","targetHints":{"allow":["GET"]}}],"collection":[{"href":"https:\/\/www.europesays.com\/pt\/wp-json\/wp\/v2\/posts"}],"about":[{"href":"https:\/\/www.europesays.com\/pt\/wp-json\/wp\/v2\/types\/post"}],"author":[{"embeddable":true,"href":"https:\/\/www.europesays.com\/pt\/wp-json\/wp\/v2\/users\/2"}],"replies":[{"embeddable":true,"href":"https:\/\/www.europesays.com\/pt\/wp-json\/wp\/v2\/comments?post=80615"}],"version-history":[{"count":0,"href":"https:\/\/www.europesays.com\/pt\/wp-json\/wp\/v2\/posts\/80615\/revisions"}],"wp:featuredmedia":[{"embeddable":true,"href":"https:\/\/www.europesays.com\/pt\/wp-json\/wp\/v2\/media\/80616"}],"wp:attachment":[{"href":"https:\/\/www.europesays.com\/pt\/wp-json\/wp\/v2\/media?parent=80615"}],"wp:term":[{"taxonomy":"category","embeddable":true,"href":"https:\/\/www.europesays.com\/pt\/wp-json\/wp\/v2\/categories?post=80615"},{"taxonomy":"post_tag","embeddable":true,"href":"https:\/\/www.europesays.com\/pt\/wp-json\/wp\/v2\/tags?post=80615"}],"curies":[{"name":"wp","href":"https:\/\/api.w.org\/{rel}","templated":true}]}}