{"id":80621,"date":"2025-09-21T15:43:11","date_gmt":"2025-09-21T15:43:11","guid":{"rendered":"https:\/\/www.europesays.com\/pt\/80621\/"},"modified":"2025-09-21T15:43:11","modified_gmt":"2025-09-21T15:43:11","slug":"o-escudo-espacial-americano-que-podera-custar-mais-de-3-bilioes-de-euros","status":"publish","type":"post","link":"https:\/\/www.europesays.com\/pt\/80621\/","title":{"rendered":"o escudo espacial americano que poder\u00e1 custar mais de 3 bili\u00f5es de euros"},"content":{"rendered":"<p>Os Estados Unidos anunciaram recentemente um novo projeto de defesa, batizado de Golden Dome, que pretende criar um escudo antim\u00edssil capaz de proteger o pa\u00eds de amea\u00e7as como m\u00edsseis bal\u00edsticos, hipers\u00f3nicos, drones e at\u00e9 ataques vindos do espa\u00e7o.<\/p>\n<p><a target=\"_blank\" href=\"https:\/\/pplware.sapo.pt\/wp-content\/uploads\/2025\/09\/golden_dome00.webp\" rel=\"nofollow noopener\"><img fetchpriority=\"high\" decoding=\"async\" src=\"https:\/\/www.europesays.com\/pt\/wp-content\/uploads\/2025\/09\/golden_dome00-720x405.webp.webp\" alt=\"Imagem presidente dos Estados Unidos, Donald Trump com o gr\u00e1fico do Golden Dome atr\u00e1s\" width=\"720\" height=\"405\" class=\"aligncenter wp-image-1079885 size-medium\"  \/><\/a><\/p>\n<p>O que \u00e9 e para que serve o Golden Dome<\/p>\n<p>O Golden Dome \u00e9 uma esp\u00e9cie de <a target=\"_blank\" href=\"https:\/\/www.aei.org\/wp-content\/uploads\/2025\/09\/WP-Estimating-the-Cost-of-Golden-Dome.pdf?x85095\" rel=\"nofollow noopener\">escudo em forma de c\u00fapula<\/a>. Esta camada de prote\u00e7\u00e3o ter\u00e1 uma arquitetura multicamada, incluindo sensores avan\u00e7ados, intercetores terrestres, sat\u00e9lites em \u00f3rbita e, possivelmente, lasers de energia dirigida.<\/p>\n<p>O objetivo \u00e9 oferecer uma defesa total contra diferentes tipos de ataque, algo que ultrapassa de longe os sistemas j\u00e1 existentes, como o Iron Dome israelita.<\/p>\n<p>Donald Trump estabeleceu como meta que o Golden Dome esteja operacional em apenas <strong>tr\u00eas anos<\/strong>. Para liderar o programa foi nomeado o general Michael A. Guetlein, especialista na \u00e1rea aeroespacial. O Departamento de Defesa dos EUA (<a target=\"_blank\" href=\"https:\/\/www.defense.gov\/\" rel=\"nofollow noopener\">DoD<\/a>) j\u00e1 confirmou as primeiras fases de estudo.<\/p>\n<p><a target=\"_blank\" href=\"https:\/\/pplware.sapo.pt\/wp-content\/uploads\/2025\/09\/golden_dome01.webp\" rel=\"nofollow noopener\"><img loading=\"lazy\" decoding=\"async\" aria-describedby=\"caption-attachment-1079884\" src=\"https:\/\/www.europesays.com\/pt\/wp-content\/uploads\/2025\/09\/golden_dome01-720x405.webp.webp\" alt=\"\" width=\"720\" height=\"405\" class=\"wp-image-1079884 size-medium\"  \/><\/a><\/p>\n<p id=\"caption-attachment-1079884\" class=\"wp-caption-text\">Estes dois gr\u00e1ficos de apresenta\u00e7\u00e3o sobre o escudo antim\u00edsseis Golden Dome apareceram em v\u00e1rios eventos da Casa Branca nos \u00faltimos meses. At\u00e9 agora, eles s\u00e3o a \u00fanica representa\u00e7\u00e3o oficial da arquitetura do Golden Dome. Cr\u00e9dito: Andrew Harnik\/Getty Images<\/p>\n<p>Custos astron\u00f3micos<\/p>\n<p>As estimativas financeiras mostram a dimens\u00e3o do desafio:<\/p>\n<ul>\n<li>A <a target=\"_blank\" href=\"https:\/\/www.whitehouse.gov\/\" rel=\"nofollow noopener\">Casa Branca<\/a> fala em cerca de <strong>163 mil milh\u00f5es de euros<\/strong> para os primeiros tr\u00eas anos (<a>White House<\/a>).<\/li>\n<li>O <a target=\"_blank\" href=\"https:\/\/www.cbo.gov\/\" rel=\"nofollow noopener\">Congressional Budget Office<\/a> (CBO) aponta para valores entre 150 e 504 mil milh\u00f5es de euros num horizonte de 20 anos (<a>CBO<\/a>).<\/li>\n<li>O American Enterprise Institute (AEI) projeta um custo que pode chegar a 3,35 bili\u00f5es de euros at\u00e9 2045, dependendo da escala do projeto.<\/li>\n<\/ul>\n<p>Para compara\u00e7\u00e3o, o Projeto Manhattan, que desenvolveu a primeira bomba at\u00f3mica durante a Segunda Guerra Mundial, custou cerca de <strong>1,86 mil milh\u00f5es de euros<\/strong> em valores ajustados.<\/p>\n<p>Ou seja, o Golden Dome poder\u00e1 ser <a target=\"_blank\" href=\"https:\/\/www.energy.gov\/\" rel=\"nofollow noopener\">10 a 100 vezes mais caro<\/a>.<\/p>\n<p><a target=\"_blank\" href=\"https:\/\/pplware.sapo.pt\/wp-content\/uploads\/2025\/09\/golden_dome02.webp\" rel=\"nofollow noopener\"><img loading=\"lazy\" decoding=\"async\" src=\"https:\/\/www.europesays.com\/pt\/wp-content\/uploads\/2025\/09\/golden_dome02-720x405.webp.webp\" alt=\"\" width=\"720\" height=\"405\" class=\"aligncenter size-medium wp-image-1079887\"  \/><\/a><\/p>\n<p>Desafios t\u00e9cnicos<\/p>\n<ul>\n<li><strong>Intercetores espaciais<\/strong> exigem constela\u00e7\u00f5es de sat\u00e9lites em \u00f3rbita baixa, sujeitos a desgaste e necessidade de substitui\u00e7\u00e3o. A NASA alerta frequentemente para os riscos de sobrelota\u00e7\u00e3o e manuten\u00e7\u00e3o de sat\u00e9lites em \u00f3rbita.<\/li>\n<li><strong>Cobertura total dos EUA<\/strong> implica uma infraestrutura sem precedentes, terrestre e espacial.<\/li>\n<li><strong>Prazos reduzidos<\/strong>: a meta de 3 anos \u00e9 vista como pouco realista por analistas militares e pela pr\u00f3pria comunidade cient\u00edfica.<\/li>\n<li><strong>Evolu\u00e7\u00e3o das amea\u00e7as<\/strong>: advers\u00e1rios poder\u00e3o desenvolver contramedidas, como iscos (decoys) ou tecnologias furtivas, reduzindo a efic\u00e1cia do sistema.<\/li>\n<\/ul>\n<p>Impacto global<\/p>\n<p>Para al\u00e9m do peso or\u00e7amental, este projeto levanta quest\u00f5es estrat\u00e9gicas: a <strong>militariza\u00e7\u00e3o do espa\u00e7o<\/strong>, a sustentabilidade financeira a longo prazo e os riscos de corrida armamentista com outras pot\u00eancias.<\/p>\n<p>O tema j\u00e1 est\u00e1 em debate em organismos internacionais que monitorizam a utiliza\u00e7\u00e3o do espa\u00e7o para fins militares.<\/p>\n<p>Conclus\u00e3o<\/p>\n<p>O Golden Dome \u00e9 uma das propostas mais ambiciosas e dispendiosas da hist\u00f3ria da defesa.<\/p>\n<p>Se concretizado na sua forma mais completa, poder\u00e1 ultrapassar os <strong>3 bili\u00f5es de euros<\/strong>, colocando-se muito acima do custo do Projeto Manhattan e tornando-se um marco na hist\u00f3ria militar e tecnol\u00f3gica dos Estados Unidos.<\/p>\n","protected":false},"excerpt":{"rendered":"Os Estados Unidos anunciaram recentemente um novo projeto de defesa, batizado de Golden Dome, que pretende criar um&hellip;\n","protected":false},"author":2,"featured_media":80622,"comment_status":"","ping_status":"","sticky":false,"template":"","format":"standard","meta":{"footnotes":""},"categories":[50],"tags":[27,28,92,413,15,16,20714,14,25,26,21,22,62,1149,12,13,19,20,23,24,20715,17,18,29,30,31,63,64,65],"class_list":{"0":"post-80621","1":"post","2":"type-post","3":"status-publish","4":"format-standard","5":"has-post-thumbnail","7":"category-mundo","8":"tag-breaking-news","9":"tag-breakingnews","10":"tag-donald-trump","11":"tag-eua","12":"tag-featured-news","13":"tag-featurednews","14":"tag-golden-dome","15":"tag-headlines","16":"tag-latest-news","17":"tag-latestnews","18":"tag-main-news","19":"tag-mainnews","20":"tag-mundo","21":"tag-nasa","22":"tag-news","23":"tag-noticias","24":"tag-noticias-principais","25":"tag-noticiasprincipais","26":"tag-principais-noticias","27":"tag-principaisnoticias","28":"tag-projeto-manhattan","29":"tag-top-stories","30":"tag-topstories","31":"tag-ultimas","32":"tag-ultimas-noticias","33":"tag-ultimasnoticias","34":"tag-world","35":"tag-world-news","36":"tag-worldnews"},"share_on_mastodon":{"url":"","error":""},"_links":{"self":[{"href":"https:\/\/www.europesays.com\/pt\/wp-json\/wp\/v2\/posts\/80621","targetHints":{"allow":["GET"]}}],"collection":[{"href":"https:\/\/www.europesays.com\/pt\/wp-json\/wp\/v2\/posts"}],"about":[{"href":"https:\/\/www.europesays.com\/pt\/wp-json\/wp\/v2\/types\/post"}],"author":[{"embeddable":true,"href":"https:\/\/www.europesays.com\/pt\/wp-json\/wp\/v2\/users\/2"}],"replies":[{"embeddable":true,"href":"https:\/\/www.europesays.com\/pt\/wp-json\/wp\/v2\/comments?post=80621"}],"version-history":[{"count":0,"href":"https:\/\/www.europesays.com\/pt\/wp-json\/wp\/v2\/posts\/80621\/revisions"}],"wp:featuredmedia":[{"embeddable":true,"href":"https:\/\/www.europesays.com\/pt\/wp-json\/wp\/v2\/media\/80622"}],"wp:attachment":[{"href":"https:\/\/www.europesays.com\/pt\/wp-json\/wp\/v2\/media?parent=80621"}],"wp:term":[{"taxonomy":"category","embeddable":true,"href":"https:\/\/www.europesays.com\/pt\/wp-json\/wp\/v2\/categories?post=80621"},{"taxonomy":"post_tag","embeddable":true,"href":"https:\/\/www.europesays.com\/pt\/wp-json\/wp\/v2\/tags?post=80621"}],"curies":[{"name":"wp","href":"https:\/\/api.w.org\/{rel}","templated":true}]}}