{"id":80675,"date":"2025-09-21T16:25:09","date_gmt":"2025-09-21T16:25:09","guid":{"rendered":"https:\/\/www.europesays.com\/pt\/80675\/"},"modified":"2025-09-21T16:25:09","modified_gmt":"2025-09-21T16:25:09","slug":"consequencias-incalculaveis-por-recusa-de-migrantes","status":"publish","type":"post","link":"https:\/\/www.europesays.com\/pt\/80675\/","title":{"rendered":"Consequ\u00eancias &#8216;Incalcul\u00e1veis&#8217; por Recusa de Migrantes"},"content":{"rendered":"<p>O Presidente norte-americano, Donald Trump, amea\u00e7ou este s\u00e1bado (20 de setembro) a Venezuela com consequ\u00eancias &#8220;incalcul\u00e1veis&#8221; se o Governo venezuelano n\u00e3o aceitar os &#8220;prisioneiros e internados dos hospitais psiqui\u00e1tricos&#8221;, que foram &#8220;empurrados&#8221; para os EUA.<\/p>\n<p>&#8220;<strong>Queremos que a Venezuela aceite imediatamente todos os prisioneiros e internados de hospitais psiqui\u00e1tricos (&#8230;) que os dirigentes venezuelanos empurraram \u00e0 for\u00e7a para os Estados Unidos&#8221;, escreveu o Presidente norte-americano na Truth Social,<\/strong> rede social que o republicano det\u00e9m, acrescentando: &#8220;Fa\u00e7am-nos sair do nosso pa\u00eds imediatamente, sen\u00e3o o pre\u00e7o que voc\u00eas pagar\u00e3o ser\u00e1 incalcul\u00e1vel&#8221;.<\/p>\n<p>Donald Trump, que envolveu os Estados Unidos numa luta implac\u00e1vel contra a imigra\u00e7\u00e3o ilegal ao multiplicar as expuls\u00f5es, aumentou recentemente a press\u00e3o diplom\u00e1tica e militar sobre a Venezuela.<\/p>\n<p><strong>Os Estados Unidos destacaram, oficialmente para uma opera\u00e7\u00e3o antidroga, v\u00e1rios navios de guerra nas Cara\u00edbas e 10 avi\u00f5es de combate F-35 em Porto Rico, territ\u00f3rio da regi\u00e3o associado aos Estados Unidos.<\/strong><\/p>\n<p>Washington acusa o Presidente venezuelano, Nicolas Maduro, e o seu Governo de liderar uma vasta organiza\u00e7\u00e3o de tr\u00e1fico de droga para os Estados Unidos, e anunciou ter recentemente destru\u00eddo v\u00e1rios barcos de &#8220;narcoterroristas&#8221;.<\/p>\n<p>Caracas nega vigorosamente essas acusa\u00e7\u00f5es e, em resposta ao destacamento norte-americano considerado uma &#8220;amea\u00e7a militar&#8221;, iniciou exerc\u00edcios militares na ilha caribenha de La Orchila, a cerca de 65 quil\u00f3metros do continente venezuelano.<\/p>\n<p><strong>Nicol\u00e1s Maduro, no poder n\u00e3o reconhecido pelos Estados Unidos, denunciou &#8220;um plano imperial visando uma mudan\u00e7a de regime&#8221; para &#8220;roubar o petr\u00f3leo&#8221; do pa\u00eds, com o seu ministro da Defesa a ver nisso uma &#8220;guerra n\u00e3o declarada&#8221;.<\/strong><\/p>\n","protected":false},"excerpt":{"rendered":"O Presidente norte-americano, Donald Trump, amea\u00e7ou este s\u00e1bado (20 de setembro) a Venezuela com consequ\u00eancias &#8220;incalcul\u00e1veis&#8221; se o&hellip;\n","protected":false},"author":2,"featured_media":80676,"comment_status":"","ping_status":"","sticky":false,"template":"","format":"standard","meta":{"footnotes":""},"categories":[50],"tags":[27,28,92,15,16,14,25,26,21,22,62,12,13,19,20,23,24,17,18,29,30,31,3023,63,64,65],"class_list":{"0":"post-80675","1":"post","2":"type-post","3":"status-publish","4":"format-standard","5":"has-post-thumbnail","7":"category-mundo","8":"tag-breaking-news","9":"tag-breakingnews","10":"tag-donald-trump","11":"tag-featured-news","12":"tag-featurednews","13":"tag-headlines","14":"tag-latest-news","15":"tag-latestnews","16":"tag-main-news","17":"tag-mainnews","18":"tag-mundo","19":"tag-news","20":"tag-noticias","21":"tag-noticias-principais","22":"tag-noticiasprincipais","23":"tag-principais-noticias","24":"tag-principaisnoticias","25":"tag-top-stories","26":"tag-topstories","27":"tag-ultimas","28":"tag-ultimas-noticias","29":"tag-ultimasnoticias","30":"tag-venezuela","31":"tag-world","32":"tag-world-news","33":"tag-worldnews"},"share_on_mastodon":{"url":"","error":""},"_links":{"self":[{"href":"https:\/\/www.europesays.com\/pt\/wp-json\/wp\/v2\/posts\/80675","targetHints":{"allow":["GET"]}}],"collection":[{"href":"https:\/\/www.europesays.com\/pt\/wp-json\/wp\/v2\/posts"}],"about":[{"href":"https:\/\/www.europesays.com\/pt\/wp-json\/wp\/v2\/types\/post"}],"author":[{"embeddable":true,"href":"https:\/\/www.europesays.com\/pt\/wp-json\/wp\/v2\/users\/2"}],"replies":[{"embeddable":true,"href":"https:\/\/www.europesays.com\/pt\/wp-json\/wp\/v2\/comments?post=80675"}],"version-history":[{"count":0,"href":"https:\/\/www.europesays.com\/pt\/wp-json\/wp\/v2\/posts\/80675\/revisions"}],"wp:featuredmedia":[{"embeddable":true,"href":"https:\/\/www.europesays.com\/pt\/wp-json\/wp\/v2\/media\/80676"}],"wp:attachment":[{"href":"https:\/\/www.europesays.com\/pt\/wp-json\/wp\/v2\/media?parent=80675"}],"wp:term":[{"taxonomy":"category","embeddable":true,"href":"https:\/\/www.europesays.com\/pt\/wp-json\/wp\/v2\/categories?post=80675"},{"taxonomy":"post_tag","embeddable":true,"href":"https:\/\/www.europesays.com\/pt\/wp-json\/wp\/v2\/tags?post=80675"}],"curies":[{"name":"wp","href":"https:\/\/api.w.org\/{rel}","templated":true}]}}