{"id":80721,"date":"2025-09-21T17:06:15","date_gmt":"2025-09-21T17:06:15","guid":{"rendered":"https:\/\/www.europesays.com\/pt\/80721\/"},"modified":"2025-09-21T17:06:15","modified_gmt":"2025-09-21T17:06:15","slug":"the-batman-2-saiba-quando-o-filme-estrelado-por-robert-pattinson-estreia-nos-cinemas","status":"publish","type":"post","link":"https:\/\/www.europesays.com\/pt\/80721\/","title":{"rendered":"\u2018The Batman 2\u2019: Saiba QUANDO o filme estrelado por Robert Pattinson estreia nos cinemas"},"content":{"rendered":"<p>A sequ\u00eancia do aclamado filme <strong>\u2018Batman\u2019<\/strong> de<strong> <a href=\"https:\/\/cinepop.com.br\/tag\/matt-reeves\/\" title=\"Matt Reeves\" rel=\"nofollow noopener\" target=\"_blank\">Matt Reeves<\/a> <\/strong>j\u00e1 tem data de estreia nos cinemas.<\/p>\n<p>\u2018<strong>The Batman 2<\/strong>\u2019 teve seu lan\u00e7amento agendado para <strong>1\u00ba de Outubro de 2027<\/strong>.<\/p>\n<p>O roteiro j\u00e1 est\u00e1 pronto e \u00e9 t\u00e3o secreto que foi enviado para ator <strong><a href=\"https:\/\/cinepop.com.br\/tag\/robert-pattinson\/\" title=\"Robert Pattinson\" rel=\"nofollow noopener\" target=\"_blank\">Robert Pattinson<\/a><\/strong> em uma mala com cadeado e senha. O diretor e roteirista<strong> <a href=\"https:\/\/cinepop.com.br\/tag\/matt-reeves\/\" title=\"Matt Reeves\" rel=\"nofollow noopener\" target=\"_blank\">Matt Reeves<\/a><\/strong> revelou a informa\u00e7\u00e3o para a <strong>Variety<\/strong>.<\/p>\n<p>\u201cTem sido uma longa jornada, mas estou muito empolgado. Estou muito orgulhoso do roteiro que eu e <a href=\"https:\/\/cinepop.com.br\/tag\/mattson-tomlin\/\" title=\"Mattson Tomlin\" rel=\"nofollow noopener\" target=\"_blank\">Mattson Tomlin<\/a> escrevemos e j\u00e1 o enviei para o <a href=\"https:\/\/cinepop.com.br\/tag\/robert-pattinson\/\" title=\"Robert Pattinson\" rel=\"nofollow noopener\" target=\"_blank\">Robert Pattinson<\/a>. Colocamos em uma mala que tem um cadeado de verdade, com senha. Ele estava em Nova York e foi tudo feito com muita seguran\u00e7a\u201d, ele afirmou.<\/p>\n<p>As filmagens come\u00e7am entre \u201co fim de abril e come\u00e7o de maio de 2026\u2033, revelou o diretor.\u00a0<\/p>\n<p>A hist\u00f3ria ainda n\u00e3o foi revelada, mas Reeves comentou os rumores de que a sequ\u00eancia vai introduzir o Robin (<strong>Damian Wayne<\/strong>) no longa.<\/p>\n<p>\u201cBem, claro, voc\u00ea conversa sobre tudo. Provavelmente n\u00e3o h\u00e1 nenhum personagem sobre o qual n\u00e3o conversamos. \u2018E se for esse?\u2019 \u2018E se for aquele?\u2019 Isso faz parte do come\u00e7o de qualquer projeto, ent\u00e3o\u2026\u201d, revelou ao ComicBookMovie.<\/p>\n<p>Embora a resposta n\u00e3o confirme a inclus\u00e3o do personagem, ela indica que <strong>Reeves<\/strong> considera, sim, trazer o Robin para a sua franquia do Batman.<\/p>\n<p><a href=\"https:\/\/cinepop.com.br\/roteiro-de-batman-parte-2-e-tao-secreto-que-foi-enviado-para-robert-pattinson-em-mala-com-cadeado-693554\/\" rel=\"nofollow noopener\" target=\"_blank\">Roteiro de \u2018Batman: Parte 2\u2019 \u00e9 t\u00e3o secreto que foi enviado para Robert Pattinson em MALA com cadeado<\/a><\/p>\n<p>Lembrando que o primeiro filme est\u00e1 dispon\u00edvel na\u00a0<strong>Max<\/strong>.<\/p>\n<p><img loading=\"lazy\" decoding=\"async\" alt=\"YouTube video\" width=\"480\" height=\"360\" data-pin-nopin=\"true\" nopin=\"nopin\" class=\"perfmatters-lazy\" src=\"https:\/\/www.europesays.com\/pt\/wp-content\/uploads\/2025\/09\/1758474375_765_hqdefault.jpg\"\/><\/p>\n<p>&#8211; Publicidade &#8211; <\/p>\n","protected":false},"excerpt":{"rendered":"A sequ\u00eancia do aclamado filme \u2018Batman\u2019 de Matt Reeves j\u00e1 tem data de estreia nos cinemas. \u2018The Batman&hellip;\n","protected":false},"author":2,"featured_media":80722,"comment_status":"","ping_status":"","sticky":false,"template":"","format":"standard","meta":{"footnotes":""},"categories":[140],"tags":[12962,14891,14892,2945,114,115,147,148,14894,14895,14896,14897,14898,12978,14899,14900,14901,14902,14903,14904,146,14905,32,33,14906,14907,14908,14909,14910,14912,14913],"class_list":{"0":"post-80721","1":"post","2":"type-post","3":"status-publish","4":"format-standard","5":"has-post-thumbnail","7":"category-filmes","8":"tag-coringa","9":"tag-cristin-milioti","10":"tag-danny-devito","11":"tag-dc","12":"tag-entertainment","13":"tag-entretenimento","14":"tag-film","15":"tag-filmes","16":"tag-francois-chau","17":"tag-james-madio","18":"tag-john-turturro","19":"tag-joker","20":"tag-jon-hamm","21":"tag-liga-da-justica","22":"tag-mad-men","23":"tag-mare-of-easttown","24":"tag-matt-reeves","25":"tag-mattson-tomlin","26":"tag-michael-kelly","27":"tag-michael-zegen","28":"tag-movies","29":"tag-o-cavaleiro-das-trevas","30":"tag-portugal","31":"tag-pt","32":"tag-rhenzy-feliz","33":"tag-rob-bredow","34":"tag-robert-pattinson","35":"tag-scott-cohen","36":"tag-shohreh-aghdashloo","37":"tag-the-lighthouse","38":"tag-uma-thurman"},"share_on_mastodon":{"url":"","error":""},"_links":{"self":[{"href":"https:\/\/www.europesays.com\/pt\/wp-json\/wp\/v2\/posts\/80721","targetHints":{"allow":["GET"]}}],"collection":[{"href":"https:\/\/www.europesays.com\/pt\/wp-json\/wp\/v2\/posts"}],"about":[{"href":"https:\/\/www.europesays.com\/pt\/wp-json\/wp\/v2\/types\/post"}],"author":[{"embeddable":true,"href":"https:\/\/www.europesays.com\/pt\/wp-json\/wp\/v2\/users\/2"}],"replies":[{"embeddable":true,"href":"https:\/\/www.europesays.com\/pt\/wp-json\/wp\/v2\/comments?post=80721"}],"version-history":[{"count":0,"href":"https:\/\/www.europesays.com\/pt\/wp-json\/wp\/v2\/posts\/80721\/revisions"}],"wp:featuredmedia":[{"embeddable":true,"href":"https:\/\/www.europesays.com\/pt\/wp-json\/wp\/v2\/media\/80722"}],"wp:attachment":[{"href":"https:\/\/www.europesays.com\/pt\/wp-json\/wp\/v2\/media?parent=80721"}],"wp:term":[{"taxonomy":"category","embeddable":true,"href":"https:\/\/www.europesays.com\/pt\/wp-json\/wp\/v2\/categories?post=80721"},{"taxonomy":"post_tag","embeddable":true,"href":"https:\/\/www.europesays.com\/pt\/wp-json\/wp\/v2\/tags?post=80721"}],"curies":[{"name":"wp","href":"https:\/\/api.w.org\/{rel}","templated":true}]}}