{"id":80742,"date":"2025-09-21T17:22:28","date_gmt":"2025-09-21T17:22:28","guid":{"rendered":"https:\/\/www.europesays.com\/pt\/80742\/"},"modified":"2025-09-21T17:22:28","modified_gmt":"2025-09-21T17:22:28","slug":"cientistas-identificam-3-principais-fatores-de-risco-para-uma-doenca-hepatica-mortal","status":"publish","type":"post","link":"https:\/\/www.europesays.com\/pt\/80742\/","title":{"rendered":"Cientistas identificam 3 principais fatores de risco para uma doen\u00e7a hep\u00e1tica mortal"},"content":{"rendered":"<p>Press\u00e3o alta, diabetes tipo 2 e baixos n\u00edveis de colesterol de lipoprote\u00edna de alta densidade (HDL) \u2014 o chamado \u201ccolesterol bom\u201d \u2014 aumentam drasticamente o risco de morte por doen\u00e7a hep\u00e1tica esteat\u00f3tica associada \u00e0 disfun\u00e7\u00e3o metab\u00f3lica (MASLD). Essa condi\u00e7\u00e3o ocorre quando o excesso de gordura se acumula dentro do f\u00edgado e acredita-se que esteja aumentando no mundo todo devido ao excesso de peso, sedentarismo e h\u00e1bitos ruins de alimenta\u00e7\u00e3o.<\/p>\n<p>No estudo publicado na revista cient\u00edfica Clinical Gastroenterology, os pesquisadores analisaram os registros m\u00e9dicos de mais de 134 mil pessoas entre 1988 e 2018. Destes, 21.872 volunt\u00e1rios tinham MASLD e pelo menos um fator de risco cardiometab\u00f3lico, como obesidade ou press\u00e3o alta.<\/p>\n<p>Ap\u00f3s considerar fatores que poderiam distorcer os resultados, como idade e sexo, os resultados mostraram que press\u00e3o alta, diabetes tipo 2 e colesterol HDL baixo eram os tr\u00eas fatores de risco cardiometab\u00f3lico associados ao maior risco de morte por MASLD \u2014 aumentando esse risco em 40, 25 e 15%, respectivamente.<\/p>\n<p class=\"py-2\">Continua depois da publicidade<\/p>\n<p>Eles tamb\u00e9m descobriram que cada fator de risco metab\u00f3lico adicional aumentava o risco de morte em pacientes com MASLD em 15%. E afirmam que os m\u00e9dicos deveriam considerar \u201cpriorizar\u201d pacientes com MASLD com fatores de risco cardiometab\u00f3lico.<\/p>\n<p>\u201cA MASLD \u00e9 uma doen\u00e7a complexa, e este estudo lan\u00e7a uma nova luz sobre onde os m\u00e9dicos podem querer concentrar seus esfor\u00e7os ao tratar pacientes. Saber quais aspectos da MASLD podem levar a desfechos mais desfavor\u00e1veis \u200b\u200bpode nos ajudar a oferecer aos pacientes o melhor atendimento poss\u00edvel.\u201d, diz a m\u00e9dica Norah Terrault, hepatologista da Universidade do Sul da Calif\u00f3rnia e coautora do estudo, em comunicado.<\/p>\n<p>Se antes a doen\u00e7a hep\u00e1tica era amplamente restrita a idosos e grandes consumidores de \u00e1lcool, agora est\u00e1 aumentando rapidamente entre adultos mais jovens. Os casos em crian\u00e7as dobraram nas \u00faltimas duas d\u00e9cadas.<\/p>\n","protected":false},"excerpt":{"rendered":"Press\u00e3o alta, diabetes tipo 2 e baixos n\u00edveis de colesterol de lipoprote\u00edna de alta densidade (HDL) \u2014 o&hellip;\n","protected":false},"author":2,"featured_media":80743,"comment_status":"","ping_status":"","sticky":false,"template":"","format":"standard","meta":{"footnotes":""},"categories":[86],"tags":[109,9294,319,116,32,33,117],"class_list":{"0":"post-80742","1":"post","2":"type-post","3":"status-publish","4":"format-standard","5":"has-post-thumbnail","7":"category-saude","8":"tag-ciencia","9":"tag-estudo-cientifico","10":"tag-hard-news","11":"tag-health","12":"tag-portugal","13":"tag-pt","14":"tag-saude"},"share_on_mastodon":{"url":"","error":""},"_links":{"self":[{"href":"https:\/\/www.europesays.com\/pt\/wp-json\/wp\/v2\/posts\/80742","targetHints":{"allow":["GET"]}}],"collection":[{"href":"https:\/\/www.europesays.com\/pt\/wp-json\/wp\/v2\/posts"}],"about":[{"href":"https:\/\/www.europesays.com\/pt\/wp-json\/wp\/v2\/types\/post"}],"author":[{"embeddable":true,"href":"https:\/\/www.europesays.com\/pt\/wp-json\/wp\/v2\/users\/2"}],"replies":[{"embeddable":true,"href":"https:\/\/www.europesays.com\/pt\/wp-json\/wp\/v2\/comments?post=80742"}],"version-history":[{"count":0,"href":"https:\/\/www.europesays.com\/pt\/wp-json\/wp\/v2\/posts\/80742\/revisions"}],"wp:featuredmedia":[{"embeddable":true,"href":"https:\/\/www.europesays.com\/pt\/wp-json\/wp\/v2\/media\/80743"}],"wp:attachment":[{"href":"https:\/\/www.europesays.com\/pt\/wp-json\/wp\/v2\/media?parent=80742"}],"wp:term":[{"taxonomy":"category","embeddable":true,"href":"https:\/\/www.europesays.com\/pt\/wp-json\/wp\/v2\/categories?post=80742"},{"taxonomy":"post_tag","embeddable":true,"href":"https:\/\/www.europesays.com\/pt\/wp-json\/wp\/v2\/tags?post=80742"}],"curies":[{"name":"wp","href":"https:\/\/api.w.org\/{rel}","templated":true}]}}