{"id":80954,"date":"2025-09-21T21:14:06","date_gmt":"2025-09-21T21:14:06","guid":{"rendered":"https:\/\/www.europesays.com\/pt\/80954\/"},"modified":"2025-09-21T21:14:06","modified_gmt":"2025-09-21T21:14:06","slug":"sic-volta-a-liderar-audiencias-e-deixa-tvi-para-tras-por-margem-minima","status":"publish","type":"post","link":"https:\/\/www.europesays.com\/pt\/80954\/","title":{"rendered":"SIC volta a liderar audi\u00eancias e deixa TVI para tr\u00e1s por margem m\u00ednima"},"content":{"rendered":"<p>SIC volta a liderar audi\u00eancias e deixa <a href=\"https:\/\/tvi.iol.pt\/\" rel=\"nofollow noopener\" target=\"_blank\">TVI<\/a> para tr\u00e1s por margem m\u00ednima, segundo os resultados de ontem.<\/p>\n<p>Dados de s\u00e1bado, 20 de setembro<\/p>\n<p>A <strong>SIC<\/strong> voltou a destacar-se nas audi\u00eancias televisivas e terminou o dia de s\u00e1bado, 20 de setembro, como o canal mais visto em Portugal. De acordo com os n\u00fameros <strong>LIVE+VOSDAL<\/strong>, a esta\u00e7\u00e3o de Pa\u00e7o de Arcos alcan\u00e7ou <strong>11,5% de quota de mercado<\/strong>.<\/p>\n<p>TVI ficou muito perto<\/p>\n<p>Logo atr\u00e1s surgiu a <strong>TVI<\/strong>, que registou <strong>11,3%<\/strong>, ficando a apenas duas d\u00e9cimas da lideran\u00e7a. A disputa entre os dois canais privados manteve-se intensa, refletindo a proximidade entre as suas grelhas de programa\u00e7\u00e3o.<\/p>\n<p>RTP com resultados mais baixos<\/p>\n<p>Por sua vez, a <strong>RTP1<\/strong> ficou-se pelos <strong>9,5%<\/strong>, n\u00e3o conseguindo acompanhar os valores da SIC e da TVI. J\u00e1 a <strong>RTP2<\/strong> registou apenas <strong>1,3%<\/strong>, mantendo-se como a esta\u00e7\u00e3o com menor express\u00e3o no dia analisado.<\/p>\n<p><a href=\"https:\/\/news.google.com\/publications\/CAAqBwgKMKfIoAswtNK4Aw\" target=\"_blank\" rel=\"noopener noreferrer nofollow\"><img loading=\"lazy\" data-lazyloaded=\"1\" width=\"481\" height=\"161\" decoding=\"async\" src=\"\/wp-content\/uploads\/2024\/02\/GN_siganos.png\" alt=\"Siga-nos no Google News\" style=\"margin-top:20px;\"\/><\/a><\/p>\n","protected":false},"excerpt":{"rendered":"SIC volta a liderar audi\u00eancias e deixa TVI para tr\u00e1s por margem m\u00ednima, segundo os resultados de ontem.&hellip;\n","protected":false},"author":2,"featured_media":68432,"comment_status":"","ping_status":"","sticky":false,"template":"","format":"standard","meta":{"footnotes":""},"categories":[85],"tags":[114,115,32,33,1751,162],"class_list":{"0":"post-80954","1":"post","2":"type-post","3":"status-publish","4":"format-standard","5":"has-post-thumbnail","7":"category-entretenimento","8":"tag-entertainment","9":"tag-entretenimento","10":"tag-portugal","11":"tag-pt","12":"tag-sic","13":"tag-tvi"},"share_on_mastodon":{"url":"","error":""},"_links":{"self":[{"href":"https:\/\/www.europesays.com\/pt\/wp-json\/wp\/v2\/posts\/80954","targetHints":{"allow":["GET"]}}],"collection":[{"href":"https:\/\/www.europesays.com\/pt\/wp-json\/wp\/v2\/posts"}],"about":[{"href":"https:\/\/www.europesays.com\/pt\/wp-json\/wp\/v2\/types\/post"}],"author":[{"embeddable":true,"href":"https:\/\/www.europesays.com\/pt\/wp-json\/wp\/v2\/users\/2"}],"replies":[{"embeddable":true,"href":"https:\/\/www.europesays.com\/pt\/wp-json\/wp\/v2\/comments?post=80954"}],"version-history":[{"count":0,"href":"https:\/\/www.europesays.com\/pt\/wp-json\/wp\/v2\/posts\/80954\/revisions"}],"wp:featuredmedia":[{"embeddable":true,"href":"https:\/\/www.europesays.com\/pt\/wp-json\/wp\/v2\/media\/68432"}],"wp:attachment":[{"href":"https:\/\/www.europesays.com\/pt\/wp-json\/wp\/v2\/media?parent=80954"}],"wp:term":[{"taxonomy":"category","embeddable":true,"href":"https:\/\/www.europesays.com\/pt\/wp-json\/wp\/v2\/categories?post=80954"},{"taxonomy":"post_tag","embeddable":true,"href":"https:\/\/www.europesays.com\/pt\/wp-json\/wp\/v2\/tags?post=80954"}],"curies":[{"name":"wp","href":"https:\/\/api.w.org\/{rel}","templated":true}]}}