{"id":81105,"date":"2025-09-21T23:37:27","date_gmt":"2025-09-21T23:37:27","guid":{"rendered":"https:\/\/www.europesays.com\/pt\/81105\/"},"modified":"2025-09-21T23:37:27","modified_gmt":"2025-09-21T23:37:27","slug":"ze-pedro-despediu-se-do-trabalho-para-entrar-no-secret-story-e-acabou-por-nao-entrar","status":"publish","type":"post","link":"https:\/\/www.europesays.com\/pt\/81105\/","title":{"rendered":"Z\u00e9 Pedro despediu-se do trabalho para entrar no Secret Story e acabou por n\u00e3o entrar"},"content":{"rendered":"<p>Z\u00e9 Pedro despediu-se do trabalho para entrar no Secret Story e acabou por n\u00e3o entrar, na noite de estreia do formato.<\/p>\n<p>Noivado em direto durante a gala de estreia<\/p>\n<p>Na gala de estreia do <strong>Secret Story 9<\/strong>, transmitida na noite deste domingo, 14 de setembro, <strong>Liliana e Z\u00e9 Pedro<\/strong> foram apresentados como concorrentes do reality show. No entanto, o momento que mais captou aten\u00e7\u00e3o foi o pedido de casamento de Z\u00e9 Pedro, aceito por Liliana.<\/p>\n<p>Contudo, nem tudo correu como planeado. A <strong>Voz<\/strong> decidiu que apenas Liliana entraria na casa: <strong>\u201cA verdade \u00e9 que este noivado \u00e9 um passo muito importante nas vossas vidas e, por isso, eu decidi que um dos dois vai ter de ficar no exterior para come\u00e7ar a preparar a boda. Liliana, \u00e9 a nova concorrente da minha casa, pode despedir-se do Z\u00e9\u201d<\/strong>, explicou.<\/p>\n<p>Dessa forma, <strong>Liliana guardar\u00e1 o segredo: \u201cFui pedida em casamento na gala de estreia\u201d<\/strong>, mantendo o noivado como uma surpresa para os restantes concorrentes.<\/p>\n<p>Z\u00e9 Pedro revela desilus\u00e3o e mudan\u00e7a de planos<\/p>\n<p>Na segunda-feira, dia 15, <strong>Z\u00e9 Pedro<\/strong> marcou presen\u00e7a no programa <strong>\u2018Dois \u00e0s 10\u2019<\/strong> e confessou a Cristina Ferreira e Cl\u00e1udio Ramos a sua frustra\u00e7\u00e3o: <strong>\u201cEsta noite n\u00e3o foi f\u00e1cil, s\u00f3 pensava em estar l\u00e1 dentro, que eu estava mesmo crente que ia entrar. No dia anterior, t\u00ednhamos planeado isto, ent\u00e3o desde a\u00ed que achei que ia mesmo entrar. Pronto, n\u00e3o deu para entrar e foi algo que foi um choque para mim, ainda por cima agora que estou habituado a estar todos os dias com ela\u201d<\/strong>.<\/p>\n<p>O noivo revelou ainda que havia deixado o emprego com o intuito de entrar no reality show: <strong>\u201cJ\u00e1 me inscrevi primeiro h\u00e1 dois anos atr\u00e1s, mas ela agora estava com mais vontade e como j\u00e1 estava a trabalhar, tamb\u00e9m agora deixei o trabalho, dif\u00edcil\u201d<\/strong>.<\/p>\n<p>Veja este momento <a href=\"https:\/\/tvi.iol.pt\/doisas10\/video\/cristina-ferreira-mostra-apoio-a-concorrente-do-secret-story-9-apos-desfecho-inesperado-vou-ficar-contigo-ate-ao-fim\/68c7db640cf29d28d828ae93\" rel=\"nofollow noopener\" target=\"_blank\">AQUI<\/a>.<\/p>\n<p><a href=\"https:\/\/news.google.com\/publications\/CAAqBwgKMKfIoAswtNK4Aw\" target=\"_blank\" rel=\"noopener noreferrer nofollow\"><img loading=\"lazy\" data-lazyloaded=\"1\" width=\"481\" height=\"161\" decoding=\"async\" src=\"\/wp-content\/uploads\/2024\/02\/GN_siganos.png\" alt=\"Siga-nos no Google News\" style=\"margin-top:20px;\"\/><\/a><\/p>\n","protected":false},"excerpt":{"rendered":"Z\u00e9 Pedro despediu-se do trabalho para entrar no Secret Story e acabou por n\u00e3o entrar, na noite de&hellip;\n","protected":false},"author":2,"featured_media":81106,"comment_status":"","ping_status":"","sticky":false,"template":"","format":"standard","meta":{"footnotes":""},"categories":[142],"tags":[2632,114,115,32,33,151,12308],"class_list":{"0":"post-81105","1":"post","2":"type-post","3":"status-publish","4":"format-standard","5":"has-post-thumbnail","7":"category-tv","8":"tag-casa-dos-segredos","9":"tag-entertainment","10":"tag-entretenimento","11":"tag-portugal","12":"tag-pt","13":"tag-tv","14":"tag-ze-pedro"},"share_on_mastodon":{"url":"","error":""},"_links":{"self":[{"href":"https:\/\/www.europesays.com\/pt\/wp-json\/wp\/v2\/posts\/81105","targetHints":{"allow":["GET"]}}],"collection":[{"href":"https:\/\/www.europesays.com\/pt\/wp-json\/wp\/v2\/posts"}],"about":[{"href":"https:\/\/www.europesays.com\/pt\/wp-json\/wp\/v2\/types\/post"}],"author":[{"embeddable":true,"href":"https:\/\/www.europesays.com\/pt\/wp-json\/wp\/v2\/users\/2"}],"replies":[{"embeddable":true,"href":"https:\/\/www.europesays.com\/pt\/wp-json\/wp\/v2\/comments?post=81105"}],"version-history":[{"count":0,"href":"https:\/\/www.europesays.com\/pt\/wp-json\/wp\/v2\/posts\/81105\/revisions"}],"wp:featuredmedia":[{"embeddable":true,"href":"https:\/\/www.europesays.com\/pt\/wp-json\/wp\/v2\/media\/81106"}],"wp:attachment":[{"href":"https:\/\/www.europesays.com\/pt\/wp-json\/wp\/v2\/media?parent=81105"}],"wp:term":[{"taxonomy":"category","embeddable":true,"href":"https:\/\/www.europesays.com\/pt\/wp-json\/wp\/v2\/categories?post=81105"},{"taxonomy":"post_tag","embeddable":true,"href":"https:\/\/www.europesays.com\/pt\/wp-json\/wp\/v2\/tags?post=81105"}],"curies":[{"name":"wp","href":"https:\/\/api.w.org\/{rel}","templated":true}]}}