{"id":81107,"date":"2025-09-21T23:42:21","date_gmt":"2025-09-21T23:42:21","guid":{"rendered":"https:\/\/www.europesays.com\/pt\/81107\/"},"modified":"2025-09-21T23:42:21","modified_gmt":"2025-09-21T23:42:21","slug":"gp-azerbaijao-f1-lewis-hamilton-vai-pedir-desculpa-a-charles-leclerc-por-erro","status":"publish","type":"post","link":"https:\/\/www.europesays.com\/pt\/81107\/","title":{"rendered":"GP Azerbaij\u00e3o F1: Lewis Hamilton vai pedir desculpa a Charles Leclerc por erro"},"content":{"rendered":"<p>Lewis Hamilton reconheceu que cometeu um erro ao n\u00e3o devolver a posi\u00e7\u00e3o a Charles Leclerc no final do GP do Azerbaij\u00e3o. Com pneus mais novos e mais macios, Hamilton foi autorizado a tentar alcan\u00e7ar os carros \u00e0 frente, que estavam presos num comboio DRS liderado por Liam Lawson em quinto lugar, seguido por Yuki Tsunoda e Lando Norris. Apesar de pressionar bastante, Hamilton n\u00e3o conseguiu ultrapassar e recebeu instru\u00e7\u00f5es no final para trocar de posi\u00e7\u00e3o com Leclerc antes da bandeira quadriculada.<\/p>\n<p>Hamilton explicou que estava t\u00e3o concentrado em tentar uma manobra desesperada sobre Norris que perdeu o momento certo para deixar Leclerc passar. Ele disse que levantou o p\u00e9 e travou na reta, mas calculou mal em quatro d\u00e9cimos de segundo e cruzou a linha \u00e0 frente. Embora tenha admitido que foi um erro e prometido pedir desculpas, Hamilton tamb\u00e9m observou que o incidente afetou apenas posi\u00e7\u00f5es de pontos menores.<\/p>\n<p>\u201cObviamente, eu era mais r\u00e1pido, mas o Charles foi gentil em deixar-me passar. No final, recebi a mensagem muito tarde e estava concentrado no carro \u00e0 minha frente. Mesmo que houvesse apenas 0,001% de chance de ultrapassar, eu ainda tinha esperan\u00e7a. Eu levantei o p\u00e9 na reta e realmente travei, mas falhei por cerca de quatro d\u00e9cimos. Foi apenas um erro de c\u00e1lculo da minha parte. Vou pedir desculpas ao Charles, mas no final das contas, ficamos em oitavo e nono. Mas isso n\u00e3o vai acontecer novamente.\u201d<\/p>\n<p>Leclerc, por sua vez, ficou tranquilo com o resultado. Ele enfatizou que a situa\u00e7\u00e3o n\u00e3o era significativa, dadas as ambi\u00e7\u00f5es da Ferrari, afirmando que terminar em oitavo ou nono n\u00e3o fazia muita diferen\u00e7a. Ele tamb\u00e9m observou que tais trocas s\u00e3o normalmente regidas por acordos internos e, embora isso n\u00e3o tenha acontecido desta vez, n\u00e3o valia a pena fazer disso um problema.<\/p>\n<p>\u201cPelo 8\u00ba  ou 9\u00ba lugar, n\u00e3o vai ser um grande assunto\u201d, disse ele. \u201cN\u00e3o me importo muito. Obviamente, essas s\u00e3o coisas que combinamos entre n\u00f3s e as regras gerais de como queremos trabalhar sempre que h\u00e1 uma troca. N\u00e3o aconteceu, e tudo bem. N\u00e3o \u00e9 como se eu tivesse ficado muito mais feliz sendo 8\u00ba.\u201d<\/p>\n","protected":false},"excerpt":{"rendered":"Lewis Hamilton reconheceu que cometeu um erro ao n\u00e3o devolver a posi\u00e7\u00e3o a Charles Leclerc no final do&hellip;\n","protected":false},"author":2,"featured_media":81108,"comment_status":"","ping_status":"","sticky":false,"template":"","format":"standard","meta":{"footnotes":""},"categories":[87],"tags":[5517,135,970,971,20801,5471,32,33,134],"class_list":{"0":"post-81107","1":"post","2":"type-post","3":"status-publish","4":"format-standard","5":"has-post-thumbnail","7":"category-desporto","8":"tag-charles-leclerc","9":"tag-desporto","10":"tag-f1","11":"tag-formula-1","12":"tag-gp-azerbaijao","13":"tag-lewis-hamilton","14":"tag-portugal","15":"tag-pt","16":"tag-sports"},"share_on_mastodon":{"url":"","error":""},"_links":{"self":[{"href":"https:\/\/www.europesays.com\/pt\/wp-json\/wp\/v2\/posts\/81107","targetHints":{"allow":["GET"]}}],"collection":[{"href":"https:\/\/www.europesays.com\/pt\/wp-json\/wp\/v2\/posts"}],"about":[{"href":"https:\/\/www.europesays.com\/pt\/wp-json\/wp\/v2\/types\/post"}],"author":[{"embeddable":true,"href":"https:\/\/www.europesays.com\/pt\/wp-json\/wp\/v2\/users\/2"}],"replies":[{"embeddable":true,"href":"https:\/\/www.europesays.com\/pt\/wp-json\/wp\/v2\/comments?post=81107"}],"version-history":[{"count":0,"href":"https:\/\/www.europesays.com\/pt\/wp-json\/wp\/v2\/posts\/81107\/revisions"}],"wp:featuredmedia":[{"embeddable":true,"href":"https:\/\/www.europesays.com\/pt\/wp-json\/wp\/v2\/media\/81108"}],"wp:attachment":[{"href":"https:\/\/www.europesays.com\/pt\/wp-json\/wp\/v2\/media?parent=81107"}],"wp:term":[{"taxonomy":"category","embeddable":true,"href":"https:\/\/www.europesays.com\/pt\/wp-json\/wp\/v2\/categories?post=81107"},{"taxonomy":"post_tag","embeddable":true,"href":"https:\/\/www.europesays.com\/pt\/wp-json\/wp\/v2\/tags?post=81107"}],"curies":[{"name":"wp","href":"https:\/\/api.w.org\/{rel}","templated":true}]}}