{"id":81115,"date":"2025-09-21T23:49:38","date_gmt":"2025-09-21T23:49:38","guid":{"rendered":"https:\/\/www.europesays.com\/pt\/81115\/"},"modified":"2025-09-21T23:49:38","modified_gmt":"2025-09-21T23:49:38","slug":"estacao-de-metro-da-galiza-ja-tem-escadas-rolantes-e-abre-no-inicio-de-2026","status":"publish","type":"post","link":"https:\/\/www.europesays.com\/pt\/81115\/","title":{"rendered":"Esta\u00e7\u00e3o de metro da Galiza j\u00e1 tem escadas rolantes e abre no in\u00edcio de 2026"},"content":{"rendered":"<p>A Galiza \u00e9 a esta\u00e7\u00e3o de metro da Linha Rosa (S\u00e3o Bento\/Casa da M\u00fasica) em fase mais adiantada. J\u00e1 tem escadas rolantes, azulejos e carris. A conclus\u00e3o da empreitada est\u00e1 prevista para o primeiro trimestre de 2026.<\/p>\n<p data-remotead-prev-elm=\"true\" data-remotead-elm-id=\"inread\">&#8220;A esta\u00e7\u00e3o j\u00e1 tem as escadas rolantes instaladas, encontrando-se estas devidamente protegidas at\u00e9 ser feita a sua testagem. V\u00e3o existir dois elevadores: um localizado na Rua de J\u00falio Dinis, junto \u00e0 Rua da Piedade, privilegiando o acesso \u00e0 Maternidade de J\u00falio Dinis; outro mais a sul desta art\u00e9ria e perto do Pal\u00e1cio de Cristal, que serve diretamente o cais da nossa esta\u00e7\u00e3o&#8221;, explica ao JN Pedro L\u00e9 Costa, gestor da obra da Linha Rosa.<\/p>\n","protected":false},"excerpt":{"rendered":"A Galiza \u00e9 a esta\u00e7\u00e3o de metro da Linha Rosa (S\u00e3o Bento\/Casa da M\u00fasica) em fase mais adiantada.&hellip;\n","protected":false},"author":2,"featured_media":81116,"comment_status":"","ping_status":"","sticky":false,"template":"","format":"standard","meta":{"footnotes":""},"categories":[8],"tags":[27,28,20018,20805,15,16,14,25,26,20804,21,22,20058,12,13,19,20,32,23,24,33,17,18,29,30,31],"class_list":{"0":"post-81115","1":"post","2":"type-post","3":"status-publish","4":"format-standard","5":"has-post-thumbnail","7":"category-principais-noticias","8":"tag-breaking-news","9":"tag-breakingnews","10":"tag-concelho-porto","11":"tag-expansao-do-metro-do-porto","12":"tag-featured-news","13":"tag-featurednews","14":"tag-headlines","15":"tag-latest-news","16":"tag-latestnews","17":"tag-linha-rosa","18":"tag-main-news","19":"tag-mainnews","20":"tag-metro-do-porto","21":"tag-news","22":"tag-noticias","23":"tag-noticias-principais","24":"tag-noticiasprincipais","25":"tag-portugal","26":"tag-principais-noticias","27":"tag-principaisnoticias","28":"tag-pt","29":"tag-top-stories","30":"tag-topstories","31":"tag-ultimas","32":"tag-ultimas-noticias","33":"tag-ultimasnoticias"},"share_on_mastodon":{"url":"","error":""},"_links":{"self":[{"href":"https:\/\/www.europesays.com\/pt\/wp-json\/wp\/v2\/posts\/81115","targetHints":{"allow":["GET"]}}],"collection":[{"href":"https:\/\/www.europesays.com\/pt\/wp-json\/wp\/v2\/posts"}],"about":[{"href":"https:\/\/www.europesays.com\/pt\/wp-json\/wp\/v2\/types\/post"}],"author":[{"embeddable":true,"href":"https:\/\/www.europesays.com\/pt\/wp-json\/wp\/v2\/users\/2"}],"replies":[{"embeddable":true,"href":"https:\/\/www.europesays.com\/pt\/wp-json\/wp\/v2\/comments?post=81115"}],"version-history":[{"count":0,"href":"https:\/\/www.europesays.com\/pt\/wp-json\/wp\/v2\/posts\/81115\/revisions"}],"wp:featuredmedia":[{"embeddable":true,"href":"https:\/\/www.europesays.com\/pt\/wp-json\/wp\/v2\/media\/81116"}],"wp:attachment":[{"href":"https:\/\/www.europesays.com\/pt\/wp-json\/wp\/v2\/media?parent=81115"}],"wp:term":[{"taxonomy":"category","embeddable":true,"href":"https:\/\/www.europesays.com\/pt\/wp-json\/wp\/v2\/categories?post=81115"},{"taxonomy":"post_tag","embeddable":true,"href":"https:\/\/www.europesays.com\/pt\/wp-json\/wp\/v2\/tags?post=81115"}],"curies":[{"name":"wp","href":"https:\/\/api.w.org\/{rel}","templated":true}]}}