{"id":81117,"date":"2025-09-21T23:50:21","date_gmt":"2025-09-21T23:50:21","guid":{"rendered":"https:\/\/www.europesays.com\/pt\/81117\/"},"modified":"2025-09-21T23:50:21","modified_gmt":"2025-09-21T23:50:21","slug":"teresa-silva-vai-ser-avo-de-novo-e-a-imagem-esta-a-emocionar-secret-story","status":"publish","type":"post","link":"https:\/\/www.europesays.com\/pt\/81117\/","title":{"rendered":"Teresa Silva vai ser av\u00f3 de novo. E a imagem est\u00e1 a emocionar &#8211; Secret Story"},"content":{"rendered":"<p data-end=\"413\" data-start=\"195\">Teresa Silva, ex-concorrente do Big Brother e m\u00e3e do tamb\u00e9m ex-participante da Casa dos Segredos, Tierry, voltou a partilhar com os seguidores um momento especial da sua vida pessoal. A atual comentadora revelou que vai ser av\u00f3 pela quarta vez.<\/p>\n<p data-end=\"645\" data-start=\"415\">A not\u00edcia foi dada atrav\u00e9s de uma publica\u00e7\u00e3o no Instagram, onde Teresa demonstrou toda a sua emo\u00e7\u00e3o com a chegada de mais um elemento \u00e0 fam\u00edlia. Na legenda, escreveu:<br data-end=\"584\" data-start=\"581\"\/> <strong>\u00abEu, av\u00f3 babada pela quarta vez!! Um pilinhas a caminho \ud83e\udd70\u00bb<\/strong>.<\/p>\n<blockquote class=\"instagram-media\" data-instgrm-captioned=\"\" data-instgrm-permalink=\"https:\/\/www.instagram.com\/p\/DO3h2ywiEGe\/?utm_source=ig_embed&amp;utm_campaign=loading\" data-instgrm-version=\"14\" style=\" background:#FFF; border:0; border-radius:3px; box-shadow:0 0 1px 0 rgba(0,0,0,0.5),0 1px 10px 0 rgba(0,0,0,0.15); margin: 1px; max-width:540px; min-width:326px; padding:0; width:99.375%; width:-webkit-calc(100% - 2px); width:calc(100% - 2px);\">\n<\/blockquote>\n<p data-end=\"860\" data-start=\"647\">Apesar da partilha, Teresa n\u00e3o revelou qual dos filhos est\u00e1 \u00e0 espera de beb\u00e9. Recorde-se que a ex-concorrente do Big Brother \u00e9 m\u00e3e de dois filhos, Tierry e Sandro.<\/p>\n<p>                        <script async src=\"\/\/www.instagram.com\/embed.js\"><\/script><\/p>\n","protected":false},"excerpt":{"rendered":"Teresa Silva, ex-concorrente do Big Brother e m\u00e3e do tamb\u00e9m ex-participante da Casa dos Segredos, Tierry, voltou a&hellip;\n","protected":false},"author":2,"featured_media":81118,"comment_status":"","ping_status":"","sticky":false,"template":"","format":"standard","meta":{"footnotes":""},"categories":[145],"tags":[18706,211,210,114,115,18705,32,33,18748,20806,18704],"class_list":{"0":"post-81117","1":"post","2":"type-post","3":"status-publish","4":"format-standard","5":"has-post-thumbnail","7":"category-celebridades","8":"tag-bastidores-secret-story","9":"tag-celebridades","10":"tag-celebrities","11":"tag-entertainment","12":"tag-entretenimento","13":"tag-entrevistas-concorrentes-tvi","14":"tag-portugal","15":"tag-pt","16":"tag-teresa-silva","17":"tag-tierry-vilson","18":"tag-vida-fora-da-casa"},"share_on_mastodon":{"url":"","error":""},"_links":{"self":[{"href":"https:\/\/www.europesays.com\/pt\/wp-json\/wp\/v2\/posts\/81117","targetHints":{"allow":["GET"]}}],"collection":[{"href":"https:\/\/www.europesays.com\/pt\/wp-json\/wp\/v2\/posts"}],"about":[{"href":"https:\/\/www.europesays.com\/pt\/wp-json\/wp\/v2\/types\/post"}],"author":[{"embeddable":true,"href":"https:\/\/www.europesays.com\/pt\/wp-json\/wp\/v2\/users\/2"}],"replies":[{"embeddable":true,"href":"https:\/\/www.europesays.com\/pt\/wp-json\/wp\/v2\/comments?post=81117"}],"version-history":[{"count":0,"href":"https:\/\/www.europesays.com\/pt\/wp-json\/wp\/v2\/posts\/81117\/revisions"}],"wp:featuredmedia":[{"embeddable":true,"href":"https:\/\/www.europesays.com\/pt\/wp-json\/wp\/v2\/media\/81118"}],"wp:attachment":[{"href":"https:\/\/www.europesays.com\/pt\/wp-json\/wp\/v2\/media?parent=81117"}],"wp:term":[{"taxonomy":"category","embeddable":true,"href":"https:\/\/www.europesays.com\/pt\/wp-json\/wp\/v2\/categories?post=81117"},{"taxonomy":"post_tag","embeddable":true,"href":"https:\/\/www.europesays.com\/pt\/wp-json\/wp\/v2\/tags?post=81117"}],"curies":[{"name":"wp","href":"https:\/\/api.w.org\/{rel}","templated":true}]}}